{"id":11017,"date":"2020-03-22T19:56:44","date_gmt":"2020-03-22T16:56:44","guid":{"rendered":"http:\/\/www.saranghanguk.ro\/?p=11017"},"modified":"2020-03-25T19:10:18","modified_gmt":"2020-03-25T16:10:18","slug":"coreea-de-sud-amana-pentru-a-treia-oara-consecutiv-inceperea-anului-scolar-de-teama-covid-19","status":"publish","type":"post","link":"https:\/\/www.saranghanguk.ro\/index.php\/2020\/03\/22\/coreea-de-sud-amana-pentru-a-treia-oara-consecutiv-inceperea-anului-scolar-de-teama-covid-19\/","title":{"rendered":"Coreea de Sud am\u00e2n\u0103 pentru a treia oar\u0103 consecutiv \u00eenceperea anului \u0219colar de teama COVID-19"},"content":{"rendered":"\n<p>Coreea de Sud a anun\u021bat c\u0103 va am\u00e2na noul an \u0219colar pentru \u00eenc\u0103 dou\u0103 s\u0103pt\u0103m\u00e2ni de vreme ce se lupt\u0103 \u00een continuare cu infec\u021biile colective cu COVID-19, care au ap\u0103rut la biserici, spitale \u0219i chiar la cursuri de Zumba, informeaz\u0103 <a href=\"https:\/\/en.yna.co.kr\/view\/AEN20200317005353315?section=national%2Fnational&amp;fbclid=IwAR0bjGcQj5V1NLPcTEK11kdROjHNRypHjLT_KaHhErjwifrIdaJkOSnFGYw\">Yonhap<\/a>.<\/p>\n\n\n\n<p>&nbsp;&nbsp;&nbsp;&nbsp;&nbsp;&nbsp;&nbsp;&nbsp;&nbsp; Potrivit acestei m\u0103suri, noul an \u0219colar din gr\u0103dini\u021be \u0219i \u0219colile elementare, gimnazii \u0219i licee din \u00eentreaga \u021bar\u0103 va \u00eencepe pe 6 Aprilie, cu 5 s\u0103pt\u0103m\u00e2ni mai t\u00e2rziu dec\u00e2t \u00een anii normali, conform Ministerului Educa\u021biei.<\/p>\n\n\n\n<p>&nbsp;&nbsp;&nbsp;&nbsp;&nbsp;&nbsp;&nbsp;&nbsp;&nbsp; Centrele pentru \u00eengrijirea copiilor, care au grij\u0103 de cei foarte mici \u0219i de copii \u00een v\u00e2rst\u0103 de p\u00e2n\u0103 la 7 ani, se vor \u00eenchide, de asemenea, \u00eenc\u0103 dou\u0103 s\u0103pt\u0103m\u00e2ni \u0219i se vor deschide pe 6 Aprilie.<\/p>\n\n\n\n<div class=\"wp-block-image\"><figure class=\"aligncenter size-large\"><img loading=\"lazy\" width=\"1024\" height=\"576\" src=\"http:\/\/www.saranghanguk.ro\/wp-content\/uploads\/2020\/03\/PCM20200317000057990_P4.jpg\" alt=\"\" class=\"wp-image-11018\" srcset=\"https:\/\/www.saranghanguk.ro\/wp-content\/uploads\/2020\/03\/PCM20200317000057990_P4.jpg 1024w, https:\/\/www.saranghanguk.ro\/wp-content\/uploads\/2020\/03\/PCM20200317000057990_P4-300x169.jpg 300w, https:\/\/www.saranghanguk.ro\/wp-content\/uploads\/2020\/03\/PCM20200317000057990_P4-768x432.jpg 768w\" sizes=\"(max-width: 1024px) 100vw, 1024px\" \/><\/figure><\/div>\n\n\n\n<p>&nbsp;&nbsp;&nbsp;&nbsp;&nbsp;&nbsp;&nbsp;&nbsp;&nbsp;&nbsp; \u201eGuvernul judec\u0103 faptul c\u0103, \u00een timp ce epidemia de COVID-19 a intrat \u00eentr-un trend descendent, este \u00eenc\u0103 prematur s\u0103 l\u0103s\u0103m garda jos. M\u0103sura are scopul de a \u00eencuraja oamenii s\u0103 joace un rol activ \u00een distan\u021barea social\u0103 cu aceast\u0103 am\u00e2nare a anului \u0219colar,\u201d  se arat\u0103 \u00eentr-un comunicat de pres\u0103 al Ministerul Educa\u021biei. <\/p>\n\n\n\n<p>&nbsp;&nbsp;&nbsp;&nbsp;&nbsp;&nbsp;&nbsp;&nbsp;&nbsp;&nbsp;&nbsp; \u00cen argumentarea deciziei luate, ministerul a f\u0103cut referin\u021b\u0103 la exper\u021bi \u0219i autorit\u0103\u021bi din S\u0103n\u0103tate care au adresat \u00eengrijor\u0103ri asupra infec\u021biilor \u00een \u0219coli ce se puteau extinde c\u0103tre case \u0219i alte zone ale societ\u0103\u021bii. Opina general\u0103 a autorit\u0103\u021bilor este c\u0103 va dura cel pu\u021bin 2-3 s\u0103pt\u0103m\u00e2ni pentru a vedea dac\u0103 \u0219colile se pot deschide \u00een siguran\u021b\u0103.<\/p>\n\n\n\n<p>Ministrul Educa\u021biei, Yoon Eun-Hae a l\u0103sat totu\u0219i loc \u0219i de alte am\u00e2n\u0103ri.  \u201e\u00cen cel mai r\u0103u caz, va trebui s\u0103 am\u00e2n\u0103m din nou \u00eenceputul anului \u0219colar, dar (programul) s-ar putea totodat\u0103 muta \u00een avans dac\u0103 situa\u021bia devine mai bun\u0103.\u201d<\/p>\n\n\n\n<p>&nbsp;&nbsp;&nbsp;&nbsp;&nbsp;&nbsp;&nbsp;&nbsp;&nbsp;&nbsp;&nbsp; Aceasta este a 3-a oar\u0103 c\u00e2nd guvernul am\u00e2n\u0103 \u00eenceperea \u0219colii ca parte a m\u0103surilor \u00eempotriva noului coronavirus. Prima am\u00e2nare a avut loc cu o s\u0103pt\u0103m\u00e2n\u0103 p\u00e2n\u0103 pe 9 Martie, mai apoi cu dou\u0103 s\u0103pt\u0103m\u00e2ni, p\u00e2n\u0103  pe 23 Martie, pe baza grijilor referitoare la contractarea noului coronavirus de c\u0103tre copii \u00een \u0219coli.<\/p>\n\n\n\n<p>&nbsp;&nbsp;&nbsp;&nbsp;&nbsp;&nbsp;&nbsp;&nbsp;&nbsp;&nbsp;&nbsp; Guvernul a declarat c\u0103 va trebui s\u0103 dezbat\u0103 mai departe ideea de a am\u00e2na examenul na\u021bional de admitere la facultate. Examenul, cheie \u00een ceea ce prive\u0219te liceele din Coreea, are loc de obicei \u00een luna noiembrie.<\/p>\n\n\n\n<p>&nbsp;&nbsp;&nbsp;&nbsp;&nbsp;&nbsp;&nbsp;&nbsp;&nbsp;&nbsp;&nbsp; Cea mai recent\u0103 m\u0103sur\u0103 vine pe fondul \u00eengrijor\u0103rii crescute cu privire la transmiterea colectiv\u0103, care reprezint\u0103 aproximativ 80% din totalul infec\u021biilor din Coreea de Sud.<\/p>\n\n\n\n<p>&nbsp;&nbsp;&nbsp;&nbsp;&nbsp;&nbsp;&nbsp;&nbsp;&nbsp;&nbsp; \u00cen vreme ce unii p\u0103rin\u021bi s-au opus am\u00e2n\u0103rilor, men\u021bion\u00e2nd lipsa programelor de \u00eengrijire a copiilor \u0219i confuzia \u00een programele academice, mai mul\u021bi cer m\u0103suri mai clare p\u00e2n\u0103 ce riscul de \u00eemboln\u0103vire va trece.<\/p>\n\n\n\n<p>&nbsp;&nbsp;&nbsp;&nbsp;&nbsp;&nbsp;&nbsp;&nbsp;&nbsp;&nbsp;&nbsp; Ministerul Educa\u021biei spune c\u0103 pl\u0103nuie\u0219te s\u0103 anun\u021be  reguli \u0219i m\u0103suri actualizate \u00een ceea ce prive\u0219te carantinei din \u0219coli \u0219i s\u0103 asigure un mediu \u0219colar sigur, m\u0103suri precum m\u0103rirea distan\u021bei dintre pupitre \u00een clase, suspend\u00e2nd orele de pr\u00e2nz \u0219i facilit\u00e2nd accesul la dezinfectant \u0219i m\u0103\u0219tile de protec\u021bie.<\/p>\n\n\n\n<p>&nbsp;&nbsp;&nbsp;&nbsp;&nbsp;&nbsp;&nbsp;&nbsp;&nbsp;&nbsp;&nbsp; Pentru a preveni un gol de educa\u021bie, ministerul pl\u0103nuie\u0219te s\u0103 extind\u0103 cursurile online \u0219i s\u0103 ofere computere \u0219i alte echipamente pentru a crea o leg\u0103tur\u0103 stabil\u0103 online pentru to\u021bi studen\u021bii.<\/p>\n\n\n\n<p>&nbsp;&nbsp;&nbsp;&nbsp;&nbsp;&nbsp;&nbsp;&nbsp;&nbsp;&nbsp;&nbsp;&nbsp; Pentru p\u0103rin\u021bii care nu \u00eei mai pot \u00eengriji pe copii, ministerul a declarat c\u0103 va continua s\u0103 ofere programe de urgen\u021b\u0103 de \u00eengrijire a copiilor la gr\u0103dini\u021be \u0219i \u0219coli elementare p\u00e2n\u0103 la 7 PM, \u00een zilele s\u0103pt\u0103m\u00e2nii.<\/p>\n\n\n\n<p>&nbsp;&nbsp;&nbsp;&nbsp;&nbsp;&nbsp;&nbsp;&nbsp;&nbsp;&nbsp;&nbsp;&nbsp; Guvernul a \u00eendemnat, de asemenea, educa\u021bia privat\u0103 s\u0103 ia parte \u00een lupta anti-virus, sus\u021bin\u00e2nd c\u0103 va apela \u0219i la  alte m\u0103suri dac\u0103 situa\u021bia prezent\u0103 o va cere.<\/p>\n\n\n\n<p>&nbsp;&nbsp;&nbsp;&nbsp;&nbsp;&nbsp;&nbsp;&nbsp;&nbsp;&nbsp;&nbsp;&nbsp; \u00cen ciuda \u00eengrijor\u0103rii asupra transmisiei colective \u00eentre studen\u021bi, multe \u0219coli private \u00eenc\u0103 func\u021bioneaz\u0103 din motive financiare sau a cererii din r\u00e2ndul p\u0103rin\u021bilor. Astfel, institu\u021bii majore din Seul au reluat cursurile pe 16 martie,  datele Oficiului pentru Educa\u021bie al ora\u0219ului au ar\u0103tat c\u0103 mai mult de 80% din \u0219colile private din zona Gangman sunt \u00een stare de func\u021bionare normal\u0103.<\/p>\n\n\n\n<p>&nbsp; &nbsp;&nbsp;&nbsp;&nbsp;&nbsp;<\/p>\n","protected":false},"excerpt":{"rendered":"<p>Coreea de Sud a anun\u021bat c\u0103 va am\u00e2na noul an \u0219colar pentru \u00eenc\u0103 dou\u0103 s\u0103pt\u0103m\u00e2ni de vreme ce se lupt\u0103..<\/p>\n","protected":false},"author":2,"featured_media":11018,"comment_status":"open","ping_status":"open","sticky":false,"template":"","format":"standard","meta":[],"categories":[251],"tags":[2857,2813,2833,2814,2855,2856],"_links":{"self":[{"href":"https:\/\/www.saranghanguk.ro\/index.php\/wp-json\/wp\/v2\/posts\/11017"}],"collection":[{"href":"https:\/\/www.saranghanguk.ro\/index.php\/wp-json\/wp\/v2\/posts"}],"about":[{"href":"https:\/\/www.saranghanguk.ro\/index.php\/wp-json\/wp\/v2\/types\/post"}],"author":[{"embeddable":true,"href":"https:\/\/www.saranghanguk.ro\/index.php\/wp-json\/wp\/v2\/users\/2"}],"replies":[{"embeddable":true,"href":"https:\/\/www.saranghanguk.ro\/index.php\/wp-json\/wp\/v2\/comments?post=11017"}],"version-history":[{"count":2,"href":"https:\/\/www.saranghanguk.ro\/index.php\/wp-json\/wp\/v2\/posts\/11017\/revisions"}],"predecessor-version":[{"id":11042,"href":"https:\/\/www.saranghanguk.ro\/index.php\/wp-json\/wp\/v2\/posts\/11017\/revisions\/11042"}],"wp:featuredmedia":[{"embeddable":true,"href":"https:\/\/www.saranghanguk.ro\/index.php\/wp-json\/wp\/v2\/media\/11018"}],"wp:attachment":[{"href":"https:\/\/www.saranghanguk.ro\/index.php\/wp-json\/wp\/v2\/media?parent=11017"}],"wp:term":[{"taxonomy":"category","embeddable":true,"href":"https:\/\/www.saranghanguk.ro\/index.php\/wp-json\/wp\/v2\/categories?post=11017"},{"taxonomy":"post_tag","embeddable":true,"href":"https:\/\/www.saranghanguk.ro\/index.php\/wp-json\/wp\/v2\/tags?post=11017"}],"curies":[{"name":"wp","href":"https:\/\/api.w.org\/{rel}","templated":true}]}}