{"id":12304,"date":"2020-08-21T19:00:03","date_gmt":"2020-08-21T16:00:03","guid":{"rendered":"http:\/\/www.saranghanguk.ro\/?p=12304"},"modified":"2020-08-28T22:26:16","modified_gmt":"2020-08-28T19:26:16","slug":"pianistul-kim-sun-wook-spera-sa-i-linisteasca-pe-oameni-prin-muzica-lui-beethoven","status":"publish","type":"post","link":"https:\/\/www.saranghanguk.ro\/index.php\/2020\/08\/21\/pianistul-kim-sun-wook-spera-sa-i-linisteasca-pe-oameni-prin-muzica-lui-beethoven\/","title":{"rendered":"Pianistul Kim Sun-Wook sper\u0103 s\u0103-i lini\u0219teasc\u0103 pe oameni prin muzica lui Beethoven"},"content":{"rendered":"\n<p>&nbsp;&nbsp;&nbsp;&nbsp;&nbsp;&nbsp;&nbsp;&nbsp;&nbsp;&nbsp;&nbsp;&nbsp;Pandemia de coronavirus ce dureaz\u0103 deja de luni bune nu numai c\u0103 a for\u021bat oamenii s\u0103 stea acas\u0103 dar a \u0219i \u00eempiedicat arti\u0219tii de muzic\u0103  clasici s\u0103 sus\u021bin\u0103 recitaluri \u0219i concerte \u00een fa\u021ba unui public numeros. <\/p>\n\n\n\n<p>\u00a0\u00a0\u00a0\u00a0\u00a0\u00a0\u00a0\u00a0\u00a0\u00a0\u00a0\u00a0 Pianistului din Coreea de Sud Kim Sung-Wook, unul din cei mai solicita\u021bi arti\u0219ti din circuitul mondial al muzicii clasice, i-a fost oferit\u0103 o pauz\u0103 nea\u0219teptat\u0103 \u00een aceast\u0103 prim\u0103var\u0103 deoarece programul s\u0103u \u00eenc\u0103rcat a devenit brusc gol. <\/p>\n\n\n\n<p>\u00a0\u00a0\u00a0\u00a0\u00a0\u00a0\u00a0\u00a0\u00a0\u00a0\u00a0<em> \u201eDe vreme ce un spectacol \u00een Sco\u021bia pentru jum\u0103tatea lunii Martie a fost anulat, toate concertele au fost de asemenea anulate p\u00e2n\u0103 \u00een prezent,\u201d<\/em> a declarat Kim \u00eentr-un interview prin intermediul e-mail-ului pentru Agen\u021bia de \u0218tiri Yonhap. <em>\u201eAm continuat s\u0103 m\u0103 g\u00e2ndesc ce a\u0219 putea face \u00een lipsa evenimentelor planificate.\u201d<\/em><\/p>\n\n\n\n<figure class=\"wp-block-image size-large\"><img loading=\"lazy\" width=\"1024\" height=\"683\" src=\"http:\/\/www.saranghanguk.ro\/wp-content\/uploads\/2020\/08\/AEN20200819005300315_03_i_P4.jpg\" alt=\"\" class=\"wp-image-12309\" srcset=\"https:\/\/www.saranghanguk.ro\/wp-content\/uploads\/2020\/08\/AEN20200819005300315_03_i_P4.jpg 1024w, https:\/\/www.saranghanguk.ro\/wp-content\/uploads\/2020\/08\/AEN20200819005300315_03_i_P4-300x200.jpg 300w, https:\/\/www.saranghanguk.ro\/wp-content\/uploads\/2020\/08\/AEN20200819005300315_03_i_P4-768x512.jpg 768w, https:\/\/www.saranghanguk.ro\/wp-content\/uploads\/2020\/08\/AEN20200819005300315_03_i_P4-90x60.jpg 90w\" sizes=\"(max-width: 1024px) 100vw, 1024px\" \/><\/figure>\n\n\n\n<p>&nbsp;&nbsp;&nbsp;&nbsp;&nbsp;&nbsp;&nbsp;&nbsp;&nbsp;&nbsp;&nbsp;&nbsp;&nbsp; Artistul de 32 de ani\na ajuns \u00een aten\u021bia publicului mondial dup\u0103 ce a c\u00e2\u0219tigat Competi\u021bia\nInterna\u021bional\u0103 de Pian de la Leeds, Marea Britanie, \u00een 2006, la v\u00e2rsta de doar\n18 ani. El a fost declarat cel mai t\u00e2n\u0103r c\u00e2\u0219tig\u0103tor al competi\u021biei ce are loc o\ndat\u0103 la 3 ani \u0219i primul campion din Asia din istoria de 40 de ani a\ncompeti\u021biei, ob\u021bin\u00e2ndu-i de asemenea \u0219i titlul de copil-minune.<\/p>\n\n\n\n<p>\u00a0\u00a0\u00a0\u00a0\u00a0\u00a0\u00a0\u00a0\u00a0\u00a0\u00a0\u00a0\u00a0 De atunci \u0219i p\u00e2n\u0103 \u00een prezent, el a colaborat cu orchestre renumite la nivel mondial, \u00eenclusiv cu Orchestra Simfonic\u0103 din Londra \u0219i din Chicago, c\u00e2\u0219tig\u00e2nd reputa\u021bia de pianist de calitate extraordinar\u0103 cu un timbru bogat \u0219i pl\u0103cut, generat \u00eentr-o form\u0103 relativ logic\u0103.<\/p>\n\n\n\n<p>&nbsp;&nbsp;&nbsp;&nbsp;&nbsp;&nbsp;&nbsp;&nbsp;&nbsp;&nbsp;&nbsp;&nbsp;&nbsp; Totodat\u0103, pentru\nartistul de talie global\u0103, pandemia a oferit o \u0219ans\u0103 rar\u0103 de a fi acas\u0103 pentru\nprima dat\u0103 \u00een mult timp pentru a se bucura de via\u021ba de zi cu zi din afara\nturneelor.<\/p>\n\n\n\n<p>\u00a0\u00a0\u00a0\u00a0\u00a0\u00a0\u00a0\u00a0\u00a0\u00a0\u00a0\u00a0\u00a0 <em>\u201eDealungul acestei perioade, am putut repeta o serie de repertorii cu care nu am avut \u0219ansa prea des s\u0103 m\u0103 \u00eent\u00e2lnesc,\u201d<\/em> declara Kim, din Berlin.<em> \u201eAm avut de asemenea ocazia s\u0103 g\u0103tesc m\u00e2ncare pe cont propriu \u0219i consider c\u0103 m\u0103 descurc bini\u0219or \u00een acest moment.\u201d<\/em><\/p>\n\n\n\n<p>&nbsp;&nbsp;&nbsp;&nbsp;&nbsp;&nbsp;&nbsp;&nbsp;&nbsp;&nbsp;&nbsp;&nbsp;&nbsp; Artistul a \u00eenceput cu\nmuzica lui Beethoven \u00eenc\u0103 de c\u00e2nd a devenit primul cursant al unui program de\nmentoring condus de Beethoven-Haus Bonn, o funda\u021bie memorial\u0103 din Germania, \u00een\nanul 2013. Programul i-a oferit \u0219ansa de a accesa minunatele colec\u021bii ale\nmarelui compozitor dar \u0219i toate resursele de\u021binute de institu\u021bie.<\/p>\n\n\n\n<p>&nbsp;&nbsp;&nbsp;&nbsp;&nbsp;&nbsp;&nbsp;&nbsp;&nbsp;&nbsp;&nbsp;&nbsp;&nbsp; Pentru a comemora a\n250-a aniversare a lui Beethoven din 2020, Kim a interpretat o serie de sonate\napar\u021bin\u00e2nd compozitorului german dar \u0219i concerte \u00een decursul ultimilor ani.<\/p>\n\n\n\n<p>&nbsp;&nbsp;&nbsp;&nbsp;&nbsp;&nbsp;&nbsp;&nbsp;&nbsp;&nbsp;&nbsp;&nbsp;&nbsp; Kim a \u021binut\nrecitaluri pe scena de acas\u0103 \u00een 2013 pentru a acoperi \u00eentreaga serie de 32 de\nsonate scrise de Beethoven, \u00een timp ce a publicat trei albume ce con\u021bineau\nopere din repertoriul compozitorului.<\/p>\n\n\n\n<p>\u00a0\u00a0\u00a0\u00a0\u00a0\u00a0\u00a0\u00a0\u00a0\u00a0\u00a0\u00a0\u00a0 \u00cen Septembrie, el va \u021bine de asemenea un concert solo \u00een Seul pentru a interpreta trei sonate pentru pian, Numerele 30-32, realizate de marele compozitor \u00eentre 1820-1823. Concertul fusese reprogramat dup\u0103 ce recitalul s\u0103u din Martie a fost anulat datorit\u0103 pandemiei de COVID-19.<\/p>\n\n\n\n<div class=\"wp-block-image\"><figure class=\"aligncenter size-large is-resized\"><img loading=\"lazy\" src=\"http:\/\/www.saranghanguk.ro\/wp-content\/uploads\/2020\/08\/AEN20200819005300315_04_i_P4.jpg\" alt=\"\" class=\"wp-image-12313\" width=\"638\" height=\"851\" srcset=\"https:\/\/www.saranghanguk.ro\/wp-content\/uploads\/2020\/08\/AEN20200819005300315_04_i_P4.jpg 767w, https:\/\/www.saranghanguk.ro\/wp-content\/uploads\/2020\/08\/AEN20200819005300315_04_i_P4-225x300.jpg 225w\" sizes=\"(max-width: 638px) 100vw, 638px\" \/><\/figure><\/div>\n\n\n\n<p>\u00a0\u00a0\u00a0\u00a0\u00a0\u00a0\u00a0\u00a0\u00a0\u00a0\u00a0 Kim \u0219i-a exprimat inten\u021bia de a \u00eencepe  \u00eentr-un stil  proasp\u0103t interpretarea celor trei sonate, create \u00een anii t\u00e2rzii ai muzicianului german care era aproape surd \u00een 1814. <\/p>\n\n\n\n<p>\u00a0\u00a0\u00a0\u00a0\u00a0\u00a0\u00a0\u00a0\u00a0\u00a0\u00a0<em> \u201eCuno\u0219team deja faptul c\u0103 Beethoven nu mai putea s\u0103 aud\u0103 la acea vreme, dar nu mi-am putut imagina modul \u00een care scria note,\u201d<\/em> ad\u0103uga Kim.<em> \u201e\u00cencerc s\u0103 arunc o privire pe notele \u0219i noti\u021bele scrise de Beethoven pe m\u0103sur\u0103 ce \u00ee\u0219i pierdea sim\u021bul auzului \u00een mod repetat. \u00cen acest fel, muzica sa are un impact diferit asupra mea.\u201d<\/em> <\/p>\n\n\n\n<p>&nbsp;&nbsp;&nbsp;&nbsp;&nbsp;&nbsp;&nbsp;&nbsp;&nbsp;&nbsp;&nbsp;&nbsp; Pianistul afirma c\u0103\nsper\u0103 ca muzica lui Beethoven s\u0103 ofere alinare oamenilor care s-au chinuit s\u0103\nfac\u0103 fa\u021b\u0103 pandemiei f\u0103r\u0103 precedent.<\/p>\n\n\n\n<p>\u00a0\u00a0\u00a0\u00a0\u00a0\u00a0\u00a0\u00a0\u00a0\u00a0\u00a0\u00a0<em> \u201eEste o onoare pentru un muzician s\u0103 g\u0103seasc\u0103 noi nuan\u021be ale muzicii sale \u0219i s\u0103 le \u00eemp\u0103rt\u0103\u0219easc\u0103 cu un public coreean,\u201d mai spunea el. \u201eVa fi minunat pentru un artist s\u0103-i consoleze \u0219i \u00eencurajeze pe to\u021bi \u00een aceste timpuri grele.\u201d<\/em><\/p>\n\n\n\n<p>&nbsp;&nbsp;&nbsp;&nbsp;&nbsp;&nbsp;&nbsp;&nbsp;&nbsp;&nbsp;&nbsp;&nbsp;&nbsp; Concertul pl\u0103nuit de\nKim va fi \u021binut la Centrul pentru Arte din Seul, \u00een sudul ora\u0219ului, la data de\n13 Septembrie.<\/p>\n","protected":false},"excerpt":{"rendered":"<p>&nbsp;&nbsp;&nbsp;&nbsp;&nbsp;&nbsp;&nbsp;&nbsp;&nbsp;&nbsp;&nbsp;&nbsp;Pandemia de coronavirus ce dureaz\u0103 deja de luni bune nu numai c\u0103 a for\u021bat oamenii s\u0103 stea acas\u0103 dar a..<\/p>\n","protected":false},"author":8,"featured_media":12309,"comment_status":"open","ping_status":"open","sticky":false,"template":"","format":"standard","meta":[],"categories":[251],"tags":[655,2813,691,3137,3136,3135,3138],"_links":{"self":[{"href":"https:\/\/www.saranghanguk.ro\/index.php\/wp-json\/wp\/v2\/posts\/12304"}],"collection":[{"href":"https:\/\/www.saranghanguk.ro\/index.php\/wp-json\/wp\/v2\/posts"}],"about":[{"href":"https:\/\/www.saranghanguk.ro\/index.php\/wp-json\/wp\/v2\/types\/post"}],"author":[{"embeddable":true,"href":"https:\/\/www.saranghanguk.ro\/index.php\/wp-json\/wp\/v2\/users\/8"}],"replies":[{"embeddable":true,"href":"https:\/\/www.saranghanguk.ro\/index.php\/wp-json\/wp\/v2\/comments?post=12304"}],"version-history":[{"count":10,"href":"https:\/\/www.saranghanguk.ro\/index.php\/wp-json\/wp\/v2\/posts\/12304\/revisions"}],"predecessor-version":[{"id":12316,"href":"https:\/\/www.saranghanguk.ro\/index.php\/wp-json\/wp\/v2\/posts\/12304\/revisions\/12316"}],"wp:featuredmedia":[{"embeddable":true,"href":"https:\/\/www.saranghanguk.ro\/index.php\/wp-json\/wp\/v2\/media\/12309"}],"wp:attachment":[{"href":"https:\/\/www.saranghanguk.ro\/index.php\/wp-json\/wp\/v2\/media?parent=12304"}],"wp:term":[{"taxonomy":"category","embeddable":true,"href":"https:\/\/www.saranghanguk.ro\/index.php\/wp-json\/wp\/v2\/categories?post=12304"},{"taxonomy":"post_tag","embeddable":true,"href":"https:\/\/www.saranghanguk.ro\/index.php\/wp-json\/wp\/v2\/tags?post=12304"}],"curies":[{"name":"wp","href":"https:\/\/api.w.org\/{rel}","templated":true}]}}