{"id":12691,"date":"2020-09-21T23:30:00","date_gmt":"2020-09-21T20:30:00","guid":{"rendered":"http:\/\/www.saranghanguk.ro\/?p=12691"},"modified":"2020-09-22T11:48:47","modified_gmt":"2020-09-22T08:48:47","slug":"j-seph-din-trupa-kard-anunta-planurile-de-inrolare-in-armata","status":"publish","type":"post","link":"https:\/\/www.saranghanguk.ro\/index.php\/2020\/09\/21\/j-seph-din-trupa-kard-anunta-planurile-de-inrolare-in-armata\/","title":{"rendered":"J.Seph din trupa KARD anun\u021b\u0103 planurile de \u00eenrolare \u00een armat\u0103"},"content":{"rendered":"\n<p>Am  primit vestea c\u0103 membrul trupei KARD, J.Seph  ar urma s\u0103 \u00ee\u0219i fac\u0103 datoria fa\u021b\u0103 de \u021bar\u0103. Mai cu seam\u0103, el se va \u00eenrola \u00een armat\u0103  chiar  luna viitoare.  J.Seph  este n\u0103scut \u00een 1992 , prin urmare  are 28 de ani (v\u00e2rsta interna\u021bional\u0103) \u0219i se afl\u0103 chiar  foarte aproape de limita \u00eenrol\u0103rii \u00een armat\u0103, stagiu obligatorii pentru to\u021bi b\u0103rba\u021bii coreeni (cu mici excep\u021bii). <\/p>\n\n\n\n<p>Pe 21 septembrie, el a decis s\u0103 anun\u021be importantul eveniment din via\u021ba lui,  prin intermediul unei scrisori scrise de m\u00e2n\u0103 pe care ulterior a postat-o pe contul s\u0103 de Instagram.<\/p>\n\n\n\n<figure class=\"wp-block-image size-large\"><img loading=\"lazy\" width=\"900\" height=\"600\" src=\"http:\/\/www.saranghanguk.ro\/wp-content\/uploads\/2020\/09\/80cb9b21a2b64b0db78466238c399b84.jpeg\" alt=\"\" class=\"wp-image-12693\" srcset=\"https:\/\/www.saranghanguk.ro\/wp-content\/uploads\/2020\/09\/80cb9b21a2b64b0db78466238c399b84.jpeg 900w, https:\/\/www.saranghanguk.ro\/wp-content\/uploads\/2020\/09\/80cb9b21a2b64b0db78466238c399b84-300x200.jpeg 300w, https:\/\/www.saranghanguk.ro\/wp-content\/uploads\/2020\/09\/80cb9b21a2b64b0db78466238c399b84-768x512.jpeg 768w, https:\/\/www.saranghanguk.ro\/wp-content\/uploads\/2020\/09\/80cb9b21a2b64b0db78466238c399b84-90x60.jpeg 90w\" sizes=\"(max-width: 900px) 100vw, 900px\" \/><\/figure>\n\n\n\n<p> Iat\u0103 mai jos ce a scris artistul. <\/p>\n\n\n\n<blockquote class=\"wp-block-quote\"><p>Bun\u0103 ziua, aici  este J.Seph (Taehyung) din KARD<\/p><p> \u00cen 2011, la v\u00e2rsta de 20 de ani, m-am dus \u00een Seul pentru a-mi \u00eencepe cariera de c\u00e2nt\u0103re\u021b  \u0219i am putut s\u0103-mi petrec pre\u021bio\u0219ii  20 de ani ai mei  \u00eentr-un mod semnificativ. <\/p><p>\u00cen 2020, m\u0103 voi \u00eenrola \u00een armat\u0103  (pe 5 octombrie) la o v\u00e2rst\u0103 ceva mai mare dec\u00e2t al\u021bii. De\u0219i mi-e pu\u021bin fric\u0103 de mediul nou \u0219i necunoscut \u00een care voi ajunge, \u00een cur\u00e2nd, a\u0219tept cu ner\u0103bdare via\u021ba mea cu o nou\u0103 identitate. <\/p><p>\u00cemi voi \u00eendeplini cu credin\u021b\u0103  datoria de  cet\u0103\u021bean coreean \u0219i m\u0103 voi \u00eentoarce cu m\u00e2ndrie de partea tuturor. <\/p><p>P\u00e2n\u0103 atunci, v\u0103 rog s\u0103 ar\u0103ta\u021bi sprijin \u0219i bun\u0103tate fa\u021b\u0103 de Matthew [BM], Somin \u0219i Jiwoo, membrii trupei KARD. <\/p><p>Voi pre\u021bui toat\u0103 dragostea \u0219i energia pe care le-am primit de la toat\u0103 lumea, \u00een acest timp, \u0219i  sigur voi r\u0103m\u00e2ne s\u0103n\u0103tos \u00een timp ce voi fi plecat. <\/p><p>De la, Taehyung<\/p><\/blockquote>\n\n\n\n<p>\u00cen plus fa\u021b\u0103 de aceast\u0103 scrisoare, agen\u021bia trupei KARD a f\u0103cut public\u0103 o declara\u021bie prin care confirm\u0103 vestea \u00eenrol\u0103rii. Ea con\u021bine urm\u0103toarele:  <\/p>\n\n\n\n<blockquote class=\"wp-block-quote\"><p>Bun\u0103 ziua, aici este DSP Media<\/p><p>J.Seph din trupa KARD se va \u00eenrola pentru a efectua  stagiul militar obligatoriu ca soldat activ pe 5 octombrie.<\/p><p> \u00cen conformitate cu dorin\u021ba lui J.Seph, v\u0103 anun\u021b\u0103m c\u0103  el se va  \u00eenrola \u00eentr-un cadru privat, cu familia sa \u0219i nu vor fi dezv\u0103luite detalii despre ora \u0219i loca\u021bia unde se va desf\u0103\u0219ura acest eveniment. V\u0103  solicit\u0103m s\u0103  \u00een\u021belege\u021bi situa\u021bia \u0219i s\u0103 v\u0103 ab\u021bine\u021bi de a vizita loca\u021bia de \u00eenrolare. <\/p><p>V\u0103 rug\u0103m s\u0103  trimite\u021bi sprijinul \u0219i \u00eencuraj\u0103rile dvs. c\u0103tre J.Seph, care \u00ee\u0219i va face \u00eentoarcerea ca artist mai matur. <\/p><p>Mul\u021bumesc.<\/p><\/blockquote>\n\n\n\n<p>Nou\u0103 ne pare cumva r\u0103u c\u0103 am ajuns s\u0103 v\u0103 d\u0103m aceast\u0103 veste pentru c\u0103 ne-am fi dorit s\u0103 mai auzim cel pu\u021bin o melodie a trupei \u00eenainte de \u00eenrolare, dar \u0219tiam deja c\u0103 acet moment va veni. Nu ne mai r\u00e2m\u00e2ne dec\u00e2t s\u0103  \u00eei dorim toate cele bune lui J.Seph  \u0219i s\u0103 se \u00eentoarc\u0103 cu bine dup\u0103 terminarea serviciului militare!<\/p>\n","protected":false},"excerpt":{"rendered":"<p>Am primit vestea c\u0103 membrul trupei KARD, J.Seph ar urma s\u0103 \u00ee\u0219i fac\u0103 datoria fa\u021b\u0103 de \u021bar\u0103. Mai cu seam\u0103,..<\/p>\n","protected":false},"author":8,"featured_media":12693,"comment_status":"open","ping_status":"open","sticky":false,"template":"","format":"standard","meta":[],"categories":[17],"tags":[],"_links":{"self":[{"href":"https:\/\/www.saranghanguk.ro\/index.php\/wp-json\/wp\/v2\/posts\/12691"}],"collection":[{"href":"https:\/\/www.saranghanguk.ro\/index.php\/wp-json\/wp\/v2\/posts"}],"about":[{"href":"https:\/\/www.saranghanguk.ro\/index.php\/wp-json\/wp\/v2\/types\/post"}],"author":[{"embeddable":true,"href":"https:\/\/www.saranghanguk.ro\/index.php\/wp-json\/wp\/v2\/users\/8"}],"replies":[{"embeddable":true,"href":"https:\/\/www.saranghanguk.ro\/index.php\/wp-json\/wp\/v2\/comments?post=12691"}],"version-history":[{"count":11,"href":"https:\/\/www.saranghanguk.ro\/index.php\/wp-json\/wp\/v2\/posts\/12691\/revisions"}],"predecessor-version":[{"id":12703,"href":"https:\/\/www.saranghanguk.ro\/index.php\/wp-json\/wp\/v2\/posts\/12691\/revisions\/12703"}],"wp:featuredmedia":[{"embeddable":true,"href":"https:\/\/www.saranghanguk.ro\/index.php\/wp-json\/wp\/v2\/media\/12693"}],"wp:attachment":[{"href":"https:\/\/www.saranghanguk.ro\/index.php\/wp-json\/wp\/v2\/media?parent=12691"}],"wp:term":[{"taxonomy":"category","embeddable":true,"href":"https:\/\/www.saranghanguk.ro\/index.php\/wp-json\/wp\/v2\/categories?post=12691"},{"taxonomy":"post_tag","embeddable":true,"href":"https:\/\/www.saranghanguk.ro\/index.php\/wp-json\/wp\/v2\/tags?post=12691"}],"curies":[{"name":"wp","href":"https:\/\/api.w.org\/{rel}","templated":true}]}}