{"id":12895,"date":"2020-10-13T20:44:59","date_gmt":"2020-10-13T17:44:59","guid":{"rendered":"http:\/\/www.saranghanguk.ro\/?p=12895"},"modified":"2020-10-13T20:44:59","modified_gmt":"2020-10-13T17:44:59","slug":"noi-masuri-luate-de-autoritatile-coreene-masca-de-protectie-obligatorie-in-transportul-public-la-demonstratii-si-in-spitale","status":"publish","type":"post","link":"https:\/\/www.saranghanguk.ro\/index.php\/2020\/10\/13\/noi-masuri-luate-de-autoritatile-coreene-masca-de-protectie-obligatorie-in-transportul-public-la-demonstratii-si-in-spitale\/","title":{"rendered":"Noi m\u0103suri luate de autorit\u0103\u021bile coreene: Masc\u0103 de protec\u021bie, obligatorie \u00een transportul public, la demonstra\u021bii \u0219i \u00een spitale"},"content":{"rendered":"\n<p>Autorit\u0103\u021bile sanitare au anun\u021bat c\u0103 oamenii vor fi obliga\u021bi s\u0103 poarte m\u0103\u0219ti de protec\u021bie \u00een transportul public, la demonstra\u021bii, dar \u0219i \u00een unit\u0103\u021bile medicale \u0219i de \u00eengrijire a s\u0103n\u0103t\u0103\u021bii \u00eencep\u00e2nd de mar\u021bi, 13 octombrie. M\u0103sura este \u00een concordan\u021b\u0103 cu implementarea actului de control \u0219i prevenire a bolilor infec\u021bioase din \u021bar\u0103 care vizeaz\u0103 \u00eempiedicarea r\u0103sp\u00e2ndirii pandemiei de coronavirus, conform Agen\u021biei Coreene de Control \u0219i Prevenire a Bolilor (KDCA).<\/p>\n\n\n\n<figure class=\"wp-block-image size-large is-resized\"><img loading=\"lazy\" src=\"http:\/\/www.saranghanguk.ro\/wp-content\/uploads\/2020\/10\/AEN20201013001200320_01_i_P4-1.jpg\" alt=\"\" class=\"wp-image-12899\" width=\"777\" height=\"528\" srcset=\"https:\/\/www.saranghanguk.ro\/wp-content\/uploads\/2020\/10\/AEN20201013001200320_01_i_P4-1.jpg 500w, https:\/\/www.saranghanguk.ro\/wp-content\/uploads\/2020\/10\/AEN20201013001200320_01_i_P4-1-300x204.jpg 300w, https:\/\/www.saranghanguk.ro\/wp-content\/uploads\/2020\/10\/AEN20201013001200320_01_i_P4-1-90x60.jpg 90w\" sizes=\"(max-width: 777px) 100vw, 777px\" \/><figcaption> Angaja\u021bii poart\u0103 m\u0103\u0219ti transparente pe fondul pandemiei de coronavirus la un birou din sud-vestul ora\u0219ului Gwangju pe 12 octombrie 2020, pentru a ajuta vizitatorii surzi s\u0103 comunice mai bine cu ei, deoarece pot citi pe buze. <\/figcaption><\/figure>\n\n\n\n<p>Dac\u0103 oamenii nu se vor conforma noilor m\u0103suri \u0219i vor refuza s\u0103 poarte masc\u0103 \u00een transportul public \u0219i la demonstra\u021bii, precum \u0219i \u00een unit\u0103\u021bile medicale \u0219i de \u00eengrijire a s\u0103n\u0103t\u0103\u021bii, se vor confrunta cu o amend\u0103 de p\u00e2n\u0103 la 100.000 de woni (87 USD), au anun\u021bat reprezentan\u021bii agen\u021biei. Cu toate acestea, amenzile nu vor fi puse \u00een aplicare dec\u00e2t \u00een \u200b\u200bnoiembrie dup\u0103 o perioad\u0103 de gra\u021bie de 30 de zile, a spus KDCA.<br> <br>Operatorii acestor facilit\u0103\u021bi \u0219i organizatorii de demonstra\u021bii vor fi amenda\u021bi cu p\u00e2n\u0103 la 3 milioane de woni dac\u0103 nu se asigur\u0103 c\u0103 utilizatorii \u0219i participan\u021bii respect\u0103 cerin\u021ba. Cu toate acestea, persoanele cu v\u00e2rsta sub 14 ani \u0219i cele care nu pot purta m\u0103\u0219ti din cauza unor afec\u021biuni medicale vor fi scutite de amend\u0103. De asemenea, oamenilor li se va permite s\u0103 nu poarte m\u0103\u0219ti \u00een cazuri speciale, cum ar fi atunci c\u00e2nd se spal\u0103 pe fa\u021b\u0103, m\u0103n\u00e2nc\u0103 sau \u00eenoat\u0103.<br> <br> \u00cen schimb, amenda poate fi impus\u0103 persoanelor care poart\u0103 m\u0103\u0219ti sub nas \u00een spa\u021biile men\u021bionate mai sus. Totodat\u0103, e\u0219arfele \u0219i anumite tipuri de m\u0103\u0219ti care ii nu pot proteja de virus nu vor fi permise.<br> <br> Locurile publice supuse acestei obligativit\u0103\u021bi vor depinde de nivelurile de pe scara de distan\u021bare social\u0103 cu trei niveluri a Coreei de Sud. Prin urmare, guvernelor locale li se va permite s\u0103 ajusteze domeniul de aplicare al locurilor supuse utiliz\u0103rii obligatorii a m\u0103\u0219tilor, \u00een func\u021bie de situa\u021biile lor pandemice.\u00a0<\/p>\n","protected":false},"excerpt":{"rendered":"<p>Autorit\u0103\u021bile sanitare au anun\u021bat c\u0103 oamenii vor fi obliga\u021bi s\u0103 poarte m\u0103\u0219ti de protec\u021bie \u00een transportul public, la demonstra\u021bii, dar..<\/p>\n","protected":false},"author":2,"featured_media":11690,"comment_status":"open","ping_status":"open","sticky":false,"template":"","format":"standard","meta":[],"categories":[251],"tags":[3245,2813,2833,3123],"_links":{"self":[{"href":"https:\/\/www.saranghanguk.ro\/index.php\/wp-json\/wp\/v2\/posts\/12895"}],"collection":[{"href":"https:\/\/www.saranghanguk.ro\/index.php\/wp-json\/wp\/v2\/posts"}],"about":[{"href":"https:\/\/www.saranghanguk.ro\/index.php\/wp-json\/wp\/v2\/types\/post"}],"author":[{"embeddable":true,"href":"https:\/\/www.saranghanguk.ro\/index.php\/wp-json\/wp\/v2\/users\/2"}],"replies":[{"embeddable":true,"href":"https:\/\/www.saranghanguk.ro\/index.php\/wp-json\/wp\/v2\/comments?post=12895"}],"version-history":[{"count":1,"href":"https:\/\/www.saranghanguk.ro\/index.php\/wp-json\/wp\/v2\/posts\/12895\/revisions"}],"predecessor-version":[{"id":12900,"href":"https:\/\/www.saranghanguk.ro\/index.php\/wp-json\/wp\/v2\/posts\/12895\/revisions\/12900"}],"wp:featuredmedia":[{"embeddable":true,"href":"https:\/\/www.saranghanguk.ro\/index.php\/wp-json\/wp\/v2\/media\/11690"}],"wp:attachment":[{"href":"https:\/\/www.saranghanguk.ro\/index.php\/wp-json\/wp\/v2\/media?parent=12895"}],"wp:term":[{"taxonomy":"category","embeddable":true,"href":"https:\/\/www.saranghanguk.ro\/index.php\/wp-json\/wp\/v2\/categories?post=12895"},{"taxonomy":"post_tag","embeddable":true,"href":"https:\/\/www.saranghanguk.ro\/index.php\/wp-json\/wp\/v2\/tags?post=12895"}],"curies":[{"name":"wp","href":"https:\/\/api.w.org\/{rel}","templated":true}]}}