{"id":16272,"date":"2021-03-16T22:20:00","date_gmt":"2021-03-16T19:20:00","guid":{"rendered":"http:\/\/www.saranghanguk.ro\/?p=16272"},"modified":"2021-03-18T13:32:09","modified_gmt":"2021-03-18T10:32:09","slug":"autoritatile-din-seul-ordona-tuturor-lucratorilor-straini-sa-se-testeze-pentru-covid-19","status":"publish","type":"post","link":"https:\/\/www.saranghanguk.ro\/index.php\/2021\/03\/16\/autoritatile-din-seul-ordona-tuturor-lucratorilor-straini-sa-se-testeze-pentru-covid-19\/","title":{"rendered":"Autorit\u0103\u021bile din  Seul ordon\u0103 tuturor lucr\u0103torilor str\u0103ini s\u0103 se testeze pentru COVID-19"},"content":{"rendered":"\n<p>Autorit\u0103\u021bile din capitala Seul au emis un ordin administrativ pentru ca to\u021bi lucr\u0103torii str\u0103ini din capital\u0103 s\u0103 fie supu\u0219i test\u0103rii obligatorii COVID-19, \u00een mod similar cu o m\u0103sur\u0103 anun\u021bat\u0103, s\u0103pt\u0103m\u00e2na trecut\u0103, de guvernul provinciei  Gyeonggi, potrivit Koreatimes. <br><br>Mai exact, mar\u021bi a venit ordinul c\u0103 to\u021bi lucr\u0103torii str\u0103ini \u0219i angajatorii lor vor trebui s\u0103 fie testa\u021bi pentru coronavirus de miercuri, 17 martie,  p\u00e2n\u0103 pe data de 31 martie. <\/p>\n\n\n\n<div class=\"wp-block-image\"><figure class=\"aligncenter size-large\"><img loading=\"lazy\" width=\"512\" height=\"341\" src=\"http:\/\/www.saranghanguk.ro\/wp-content\/uploads\/2021\/03\/unnamed-1.jpg\" alt=\"\" class=\"wp-image-16274\" srcset=\"https:\/\/www.saranghanguk.ro\/wp-content\/uploads\/2021\/03\/unnamed-1.jpg 512w, https:\/\/www.saranghanguk.ro\/wp-content\/uploads\/2021\/03\/unnamed-1-300x200.jpg 300w, https:\/\/www.saranghanguk.ro\/wp-content\/uploads\/2021\/03\/unnamed-1-90x60.jpg 90w\" sizes=\"(max-width: 512px) 100vw, 512px\" \/><figcaption>   Foto: tbs.seoul.kr\/<\/figcaption><\/figure><\/div>\n\n\n\n<p>Aceast\u0103 m\u0103sur\u0103, luat\u0103 \u00eempreun\u0103 cu membrii din cadrul departamentului  antivirus al guvernului central, a venit&nbsp; \u00een contextul&nbsp;\u00een care au ap\u0103rut focare de infec\u021bii sporadice la unele companii care angajeaz\u0103 lucr\u0103tori str\u0103ini \u00een alte p\u0103r\u021bi ale \u021b\u0103rii, inclusiv \u00een provincia Gyeonggi.<\/p>\n\n\n\n<p><strong>Testarea \u0219i primirea tratamentului sunt gratuite, iar guvernul ora\u0219ului inten\u021bioneaz\u0103 s\u0103 m\u0103reasc\u0103 capacitatea la locurile de testare improvizate la 3.600 de teste pe zi. <\/strong>Angajatorii pot fi amenda\u021bi dac\u0103 ace\u0219tia sau lucr\u0103torii lor nu respect\u0103 ordinul emis.<\/p>\n\n\n\n<p><em>&#8220;Indiferent dac\u0103 este documentat sau nedocumentat, inten\u021bion\u0103m s\u0103 facem comanda pentru to\u021bi angaja\u021bii str\u0103ini&#8221;<\/em>, a declarat Park Yoo-mi, oficialul de control al bolilor al guvernului ora\u0219ului, \u00een timpul unui comunicat periodic de r\u0103spuns la virus. <\/p>\n\n\n\n<p>Cu toate acestea, decizia a provocat confuzie \u00een r\u00e2ndul lucr\u0103torilor str\u0103ini, deoarece ace\u0219tia au primit mesaje text  \u00een care se spunea c\u0103 ora\u0219ul \u00eei \u201esf\u0103tuie\u0219te\u201d s\u0103 fie testa\u021bi. \u00cen ceea ce prive\u0219te dac\u0103 testarea este obligatorie sau doar  o recomandare \u0219i dac\u0103 a fost o gre\u0219eal\u0103 \u00een traducere, guvernul ora\u0219ului nu a fost disponibil pentru comentarii.<\/p>\n\n\n\n<p>De asemenea, nu s-a spus cam  c\u00e2\u021bi oameni vor trebui s\u0103 se supun\u0103 acestui ordin. De exemplu, \u00een provincia Gyeonggi, aproximativ 85.000 de lucr\u0103tori str\u0103ini ar trebui s\u0103 fac\u0103 testul. <\/p>\n\n\n\n<p>Guvernul ora\u0219ului va continua, de asemenea, monitorizarea  strict\u0103 a sosirilor din str\u0103in\u0103tate care se afl\u0103 sub auto-izolare obligatorie de 14 zile. <\/p>\n\n\n\n<p>\u00centre timp, guvernul provinciei Gyeonggi a emis un alt ordin pentru angajatori ca to\u021bi str\u0103inii pe care inten\u021bioneaz\u0103 s\u0103-i angajeze s\u0103 fie supu\u0219i test\u0103rii PCR \u00eenainte de angajare \u0219i s\u0103 angajeze doar pe cei care  au  rezultate negative. Acest oridin  se va aplica  \u00een perioada 22 martie &#8211; 30 aprilie. <\/p>\n\n\n\n<p>Ora\u0219ul Ansan din  aceast\u0103 provincie a aplicat aceasta\u0103 regul\u0103 \u00eenc\u0103  din  11 februarie, iar m\u0103sura este extins\u0103 la \u00eentreaga provincie. <\/p>\n\n\n\n<p>Ca r\u0103spuns la \u00eentrebarea dac\u0103 astfel de teste preventive \u00eenainte de angajare constituie o  <strong>m\u0103sur\u0103 de discriminare \u00eempotriva lucr\u0103torilor str\u0103ini<\/strong>, Yoon Tae-ho, un \u00eenalt func\u021bionar \u00een domeniul s\u0103n\u0103t\u0103\u021bii al guvernului central, a declarat: <em><strong>\u201eRecent, grupuri de lucr\u0103tori str\u0103ini au contractat virusul \u00een provincia Gyeonggi , deci credem c\u0103 efectuarea testelor PCR \u00eenainte de angajarea str\u0103inilor poate  fi perceput\u0103 mai mult ca o m\u0103sur\u0103 de siguran\u021ba (at\u00e2t a lucr\u0103torilor, c\u00e2t \u0219i a localnicilor din regiune). &#8221; <\/strong><\/em><\/p>\n\n\n\n<p>Yoon a men\u021bionat, de asemenea, ordinele anterioare de testare pentru membrii anumitor biserici (cum ar fi Biserica Sarang Jeil) \u00een care avuseser\u0103 loc infec\u021bii de grup, sus\u021bin\u00e2nd c\u0103 testarea obligatorie pentru to\u021bi str\u0103inii, indiferent dac\u0103 locul lor de munc\u0103 a avut o infec\u021bie COVID-19 sau  nu, nu  reprezint\u0103 o m\u0103sur\u0103 discriminatorie. <\/p>\n\n\n\n<pre class=\"wp-block-preformatted\">&nbsp;<\/pre>\n","protected":false},"excerpt":{"rendered":"<p>Autorit\u0103\u021bile din capitala Seul au emis un ordin administrativ pentru ca to\u021bi lucr\u0103torii str\u0103ini din capital\u0103 s\u0103 fie supu\u0219i test\u0103rii..<\/p>\n","protected":false},"author":8,"featured_media":16274,"comment_status":"open","ping_status":"open","sticky":false,"template":"","format":"standard","meta":[],"categories":[17],"tags":[],"_links":{"self":[{"href":"https:\/\/www.saranghanguk.ro\/index.php\/wp-json\/wp\/v2\/posts\/16272"}],"collection":[{"href":"https:\/\/www.saranghanguk.ro\/index.php\/wp-json\/wp\/v2\/posts"}],"about":[{"href":"https:\/\/www.saranghanguk.ro\/index.php\/wp-json\/wp\/v2\/types\/post"}],"author":[{"embeddable":true,"href":"https:\/\/www.saranghanguk.ro\/index.php\/wp-json\/wp\/v2\/users\/8"}],"replies":[{"embeddable":true,"href":"https:\/\/www.saranghanguk.ro\/index.php\/wp-json\/wp\/v2\/comments?post=16272"}],"version-history":[{"count":41,"href":"https:\/\/www.saranghanguk.ro\/index.php\/wp-json\/wp\/v2\/posts\/16272\/revisions"}],"predecessor-version":[{"id":16314,"href":"https:\/\/www.saranghanguk.ro\/index.php\/wp-json\/wp\/v2\/posts\/16272\/revisions\/16314"}],"wp:featuredmedia":[{"embeddable":true,"href":"https:\/\/www.saranghanguk.ro\/index.php\/wp-json\/wp\/v2\/media\/16274"}],"wp:attachment":[{"href":"https:\/\/www.saranghanguk.ro\/index.php\/wp-json\/wp\/v2\/media?parent=16272"}],"wp:term":[{"taxonomy":"category","embeddable":true,"href":"https:\/\/www.saranghanguk.ro\/index.php\/wp-json\/wp\/v2\/categories?post=16272"},{"taxonomy":"post_tag","embeddable":true,"href":"https:\/\/www.saranghanguk.ro\/index.php\/wp-json\/wp\/v2\/tags?post=16272"}],"curies":[{"name":"wp","href":"https:\/\/api.w.org\/{rel}","templated":true}]}}