{"id":16383,"date":"2021-03-21T21:21:00","date_gmt":"2021-03-21T18:21:00","guid":{"rendered":"http:\/\/www.saranghanguk.ro\/?p=16383"},"modified":"2021-03-22T15:25:17","modified_gmt":"2021-03-22T12:25:17","slug":"coreea-de-sud-incepe-vaccinarea-persoanelor-cu-varsta-de-peste-65-de-ani-in-aceasta-saptamana","status":"publish","type":"post","link":"https:\/\/www.saranghanguk.ro\/index.php\/2021\/03\/21\/coreea-de-sud-incepe-vaccinarea-persoanelor-cu-varsta-de-peste-65-de-ani-in-aceasta-saptamana\/","title":{"rendered":"Coreea de Sud  \u00eencepe vaccinarea persoanelor cu v\u00e2rsta de peste 65 de ani \u00een aceast\u0103 s\u0103pt\u0103m\u00e2n\u0103"},"content":{"rendered":"\n<p><strong>Coreea de Sud<\/strong> <strong>va \u00eencepe s\u0103 administreze vaccinuri pacien\u021bilor interna\u021bi \u0219i angaja\u021bilor caselor de \u00eengrijire medical\u0103 \u0219i spitalelor de \u00eengrijire pe termen lung, care au v\u00e2rsta de 65 de ani sau mai mult \u00een aceast\u0103 s\u0103pt\u0103m\u00e2n\u0103<\/strong>, ca parte a planului s\u0103u de inoculare, au declarat duminic\u0103 autorit\u0103\u021bile sanitare, potrivit KoreaTimes. <\/p>\n\n\n\n<p id=\"tw-target-text\"><strong>\u00cencep\u00e2nd de mar\u021bi, 23 martie,  peste 370.000 de lucr\u0103tori din domeniul s\u0103n\u0103t\u0103\u021bii \u0219i pacien\u021bi cu v\u00e2rsta de 65 de ani \u0219i peste, care fac parte din sanatorii, institu\u021bii de \u00eengrijire medical\u0103 \u0219i facilit\u0103\u021bi de reabilitare,  vor primi primele dozele ale vaccinului AstraZeneca \u00een etape<\/strong>, conform Agen\u021biei Coreene de Control \u0219i Prevenire a Bolilor (KDCA).<\/p>\n\n\n\n<div class=\"wp-block-image\"><figure class=\"aligncenter size-large\"><img loading=\"lazy\" width=\"512\" height=\"341\" src=\"http:\/\/www.saranghanguk.ro\/wp-content\/uploads\/2021\/03\/unnamed-2.jpg\" alt=\"\" class=\"wp-image-16395\" srcset=\"https:\/\/www.saranghanguk.ro\/wp-content\/uploads\/2021\/03\/unnamed-2.jpg 512w, https:\/\/www.saranghanguk.ro\/wp-content\/uploads\/2021\/03\/unnamed-2-300x200.jpg 300w, https:\/\/www.saranghanguk.ro\/wp-content\/uploads\/2021\/03\/unnamed-2-90x60.jpg 90w\" sizes=\"(max-width: 512px) 100vw, 512px\" \/><figcaption> (Foto:Yonhap)<\/figcaption><\/figure><\/div>\n\n\n\n<p>Ei vor primi a doua doz\u0103  \u00eencep\u00e2nd  din prima s\u0103pt\u0103m\u00e2n\u0103 a lunii iunie, a ad\u0103ugat KDCA, care se ocup\u0103 de programul de vaccinare de stat din Coreea de Sud.<\/p>\n\n\n\n<p>Vreau s\u0103 v\u0103 aduc aminte c\u0103 \u021bara a demarat procesul de vaccinare la sf\u00e2r\u0219itul lunii februarie, \u00eencep\u00e2nd cu persoanele \u00een v\u00e2rst\u0103 \u0219i lucr\u0103torii din domeniul s\u0103n\u0103t\u0103\u021bii, dar a am\u00e2nat vaccin\u0103rile pentru persoanele \u00een v\u00e2rst\u0103 de 65 de ani sau mai mult din cauza lipsei datelor clinice care s\u0103 arate eficacitatea vaccinului pentru grupa de v\u00e2rst\u0103. <\/p>\n\n\n\n<p id=\"tw-target-text\">Dup\u0103 ce noile studii clinice au ar\u0103tat c\u0103 vaccinul <strong>AstraZeneca \u0219i altele sunt eficiente \u00een prevenirea COVID-19 pentru grupul vizat, guvernul a decis s\u0103 extind\u0103 programul de vaccinare.<\/strong><\/p>\n\n\n\n<div class=\"wp-block-image\"><figure class=\"aligncenter size-large is-resized\"><img loading=\"lazy\" src=\"http:\/\/www.saranghanguk.ro\/wp-content\/uploads\/2021\/03\/177366ab35d3c5803f9a0f8645d7ad48.jpg\" alt=\"\" class=\"wp-image-16419\" width=\"556\" height=\"361\" srcset=\"https:\/\/www.saranghanguk.ro\/wp-content\/uploads\/2021\/03\/177366ab35d3c5803f9a0f8645d7ad48.jpg 640w, https:\/\/www.saranghanguk.ro\/wp-content\/uploads\/2021\/03\/177366ab35d3c5803f9a0f8645d7ad48-300x195.jpg 300w\" sizes=\"(max-width: 556px) 100vw, 556px\" \/><\/figure><\/div>\n\n\n\n<p>Prin urmare, \u00eencep\u00e2nd din al doilea trimestru, <strong>un total de 11,5 milioane de persoane \u00een v\u00e2rst\u0103 cu v\u00e2rsta peste 65 de ani, profesori din  domeniul s\u0103n\u0103t\u0103\u021bii \u0219i persoane care lucreaz\u0103 \u00een sectoare selectate, inclusiv ofi\u021beri de poli\u021bie, pompieri \u0219i \u00eenso\u021bitori de zbor, vor primi vaccinul. <\/strong><\/p>\n\n\n\n<p id=\"tw-target-text\"><strong>Coreea de Sud \u00ee\u0219i propune s\u0103 imunizeze 70% din popula\u021bia sa p\u00e2n\u0103 \u00een septembrie<\/strong>, a\u0219a-numita imunitate de grup fiind prev\u0103zut\u0103 a fi creat\u0103 p\u00e2n\u0103 \u00een luna noiembrie.<\/p>\n\n\n\n<p id=\"tw-target-text\">\u00centre timp, <strong>pre\u0219edintele Moon Jae-in, \u00een v\u00e2rst\u0103 de 68 de ani, \u0219i prima doamn\u0103 Kim Jung-sook, \u00een v\u00e2rst\u0103 de 66 de ani<\/strong>, se vor vaccina mar\u021bi, 23 martie,  cu AstraZeneca,  ca m\u0103sur\u0103 de preg\u0103tire pentru participarea la un summit G-7 care va avea loc \u00een Marea Britanie. <\/p>\n\n\n\n<p id=\"tw-target-text\">KDCA a declarat c\u0103 acord\u0103 prioritate lui Moon \u0219i Kim, deoarece  este o m\u0103sur\u0103 \u201eesen\u021bial\u0103\u201d \u0219i necesar\u0103 pentru c\u0103l\u0103toria \u00een str\u0103in\u0103tate pentru acest eveniment diplomatic. <strong>Marea Britanie l-a invitat pe pre\u0219edintele Moon Jae-in la sesiunea multilateral\u0103. <\/strong><\/p>\n\n\n\n<p id=\"tw-target-text\">Totodat\u0103, vaccinarea timpurie a pre\u0219edintelui este par\u021bial menit\u0103 s\u0103 u\u0219ureze preocup\u0103rile publicului cu privire la siguran\u021ba \u0219i eficacitatea vaccinului AstraZeneca. <\/p>\n\n\n\n<p id=\"tw-target-text\">Un num\u0103r total de 670.000 de persoane din \u021bar\u0103 au fost deja imunizate de c\u00e2nd \u021bara a \u00eenceput programul de vaccinare pe 26 februarie. <\/p>\n\n\n\n<p id=\"tw-target-text\">Coreea de Sud a raportat duminic\u0103 alte 456 de cazuri de  coronavirus, aduc\u00e2nd num\u0103rul total de cazuri la peste 98.000, a spus KDCA.<\/p>\n","protected":false},"excerpt":{"rendered":"<p>Coreea de Sud va \u00eencepe s\u0103 administreze vaccinuri pacien\u021bilor interna\u021bi \u0219i angaja\u021bilor caselor de \u00eengrijire medical\u0103 \u0219i spitalelor de \u00eengrijire..<\/p>\n","protected":false},"author":8,"featured_media":16419,"comment_status":"open","ping_status":"open","sticky":false,"template":"","format":"standard","meta":[],"categories":[17],"tags":[],"_links":{"self":[{"href":"https:\/\/www.saranghanguk.ro\/index.php\/wp-json\/wp\/v2\/posts\/16383"}],"collection":[{"href":"https:\/\/www.saranghanguk.ro\/index.php\/wp-json\/wp\/v2\/posts"}],"about":[{"href":"https:\/\/www.saranghanguk.ro\/index.php\/wp-json\/wp\/v2\/types\/post"}],"author":[{"embeddable":true,"href":"https:\/\/www.saranghanguk.ro\/index.php\/wp-json\/wp\/v2\/users\/8"}],"replies":[{"embeddable":true,"href":"https:\/\/www.saranghanguk.ro\/index.php\/wp-json\/wp\/v2\/comments?post=16383"}],"version-history":[{"count":39,"href":"https:\/\/www.saranghanguk.ro\/index.php\/wp-json\/wp\/v2\/posts\/16383\/revisions"}],"predecessor-version":[{"id":16424,"href":"https:\/\/www.saranghanguk.ro\/index.php\/wp-json\/wp\/v2\/posts\/16383\/revisions\/16424"}],"wp:featuredmedia":[{"embeddable":true,"href":"https:\/\/www.saranghanguk.ro\/index.php\/wp-json\/wp\/v2\/media\/16419"}],"wp:attachment":[{"href":"https:\/\/www.saranghanguk.ro\/index.php\/wp-json\/wp\/v2\/media?parent=16383"}],"wp:term":[{"taxonomy":"category","embeddable":true,"href":"https:\/\/www.saranghanguk.ro\/index.php\/wp-json\/wp\/v2\/categories?post=16383"},{"taxonomy":"post_tag","embeddable":true,"href":"https:\/\/www.saranghanguk.ro\/index.php\/wp-json\/wp\/v2\/tags?post=16383"}],"curies":[{"name":"wp","href":"https:\/\/api.w.org\/{rel}","templated":true}]}}