{"id":17374,"date":"2021-04-22T15:43:20","date_gmt":"2021-04-22T12:43:20","guid":{"rendered":"http:\/\/www.saranghanguk.ro\/?p=17374"},"modified":"2021-04-22T15:43:49","modified_gmt":"2021-04-22T12:43:49","slug":"taemin-din-shinee-anunta-ca-se-va-inrola-in-armata-luna-viitoare","status":"publish","type":"post","link":"https:\/\/www.saranghanguk.ro\/index.php\/2021\/04\/22\/taemin-din-shinee-anunta-ca-se-va-inrola-in-armata-luna-viitoare\/","title":{"rendered":"Taemin, din SHINee anun\u021b\u0103 c\u0103 se va \u00eenrola \u00een armat\u0103 luna viitoare"},"content":{"rendered":"\n<p>Taemin, din SHINee \u00ee\u0219i surprinde fanii cu vestea c\u0103 se va \u00eenrola \u00een serviciul militar obligatoriu pe data de 31 mai 2021., anun\u021b\u0103 <a href=\"https:\/\/www.soompi.com\/article\/1464946wpp\/shinees-taemin-reveals-he-will-enlist-in-the-military-next-month?fbclid=IwAR0am4uhhkRYdZrL-EX_nV1zGDUfwA2zA4di4DzI-2aP98GOhlrqbcU6tio\">soompi.com<\/a>.<\/p>\n\n\n\n<figure class=\"wp-block-image size-large\"><img loading=\"lazy\" width=\"683\" height=\"1024\" src=\"http:\/\/www.saranghanguk.ro\/wp-content\/uploads\/2021\/04\/EyS4azkUUAQBjk3.jpg\" alt=\"\" class=\"wp-image-17375\" srcset=\"https:\/\/www.saranghanguk.ro\/wp-content\/uploads\/2021\/04\/EyS4azkUUAQBjk3.jpg 683w, https:\/\/www.saranghanguk.ro\/wp-content\/uploads\/2021\/04\/EyS4azkUUAQBjk3-200x300.jpg 200w\" sizes=\"(max-width: 683px) 100vw, 683px\" \/><figcaption>foto via twitter.com\/SHINee<\/figcaption><\/figure>\n\n\n\n<p>Pe 19 aprilie, \u00een timpul unei transmisiuni live pe aplica\u021bia V Live,Taemin le-a dat vestea \u00een direct fanilor. El a spus: \u201eA r\u0103mas mai mult de o lun\u0103, a\u0219a c\u0103 nu am vrut s\u0103 petrec acest timp fiind deja trist. Am vrut s\u0103 v\u0103 spun direct, cu propriile mele cuvinte. \u201d<\/p>\n\n\n\n<p>De asemenea, Taemin a spus c\u0103 are multe planuri pentru perioada anterioar\u0103 \u00eenrol\u0103rii sale \u0219i a spus: \u201eVoi face un concert [Beyond LIVE] pe 2 mai. Albumul meu solo va ap\u0103rea \u00een a doua sau a treia s\u0103pt\u0103m\u00e2n\u0103 a lunii mai. Programul pentru promovarea albumului nu a fost confirmat \u00eenc\u0103, dar voi putea prezenta o ultim\u0103 interpretare \u0219i muzic\u0103 str\u0103lucitoare. \u201d<\/p>\n\n\n\n<figure class=\"wp-block-image size-large\"><img loading=\"lazy\" width=\"724\" height=\"1024\" src=\"http:\/\/www.saranghanguk.ro\/wp-content\/uploads\/2021\/04\/EzjD6FrUYAEp6po-724x1024.jpg\" alt=\"\" class=\"wp-image-17376\" srcset=\"https:\/\/www.saranghanguk.ro\/wp-content\/uploads\/2021\/04\/EzjD6FrUYAEp6po-724x1024.jpg 724w, https:\/\/www.saranghanguk.ro\/wp-content\/uploads\/2021\/04\/EzjD6FrUYAEp6po-212x300.jpg 212w, https:\/\/www.saranghanguk.ro\/wp-content\/uploads\/2021\/04\/EzjD6FrUYAEp6po-768x1087.jpg 768w, https:\/\/www.saranghanguk.ro\/wp-content\/uploads\/2021\/04\/EzjD6FrUYAEp6po-1086x1536.jpg 1086w, https:\/\/www.saranghanguk.ro\/wp-content\/uploads\/2021\/04\/EzjD6FrUYAEp6po-1448x2048.jpg 1448w, https:\/\/www.saranghanguk.ro\/wp-content\/uploads\/2021\/04\/EzjD6FrUYAEp6po.jpg 1685w\" sizes=\"(max-width: 724px) 100vw, 724px\" \/><figcaption>foto via twitter.com\/SHINee<\/figcaption><\/figure>\n\n\n\n<p>SHINee a lansat recent albumul repackaged \u201eAtlantis\u201d dup\u0103 ce grupul a revenit cu primul comeback \u00een format de grup \u00een peste doi ani, cu \u201eDon\u2019t Call Me\u201d.<\/p>\n\n\n\n<figure class=\"wp-block-embed-youtube wp-block-embed is-type-video is-provider-youtube wp-embed-aspect-16-9 wp-has-aspect-ratio\"><div class=\"wp-block-embed__wrapper\">\n<iframe loading=\"lazy\" title=\"SHINee \uc0e4\uc774\ub2c8 &#039;Don&#039;t Call Me&#039; MV\" width=\"960\" height=\"540\" src=\"https:\/\/www.youtube.com\/embed\/p6OoY6xneI0?feature=oembed\" frameborder=\"0\" allow=\"accelerometer; autoplay; clipboard-write; encrypted-media; gyroscope; picture-in-picture\" allowfullscreen><\/iframe>\n<\/div><\/figure>\n\n\n\n<p>Taemin a activat \u0219i ca artist solo, lans\u00e2nd anul trecut un album solo \u00een dou\u0103 p\u0103r\u021bi \u0219i ca membru al grupului-proiect SM, SuperM.<\/p>\n\n\n\n<figure class=\"wp-block-embed-youtube wp-block-embed is-type-video is-provider-youtube wp-embed-aspect-16-9 wp-has-aspect-ratio\"><div class=\"wp-block-embed__wrapper\">\n<iframe loading=\"lazy\" title=\"TAEMIN \ud0dc\ubbfc &#039;\uc774\ub370\uc544 (IDEA:\u7406\u60f3)&#039; MV\" width=\"960\" height=\"540\" src=\"https:\/\/www.youtube.com\/embed\/KUvOQlkLNhE?feature=oembed\" frameborder=\"0\" allow=\"accelerometer; autoplay; clipboard-write; encrypted-media; gyroscope; picture-in-picture\" allowfullscreen><\/iframe>\n<\/div><\/figure>\n","protected":false},"excerpt":{"rendered":"<p>Taemin, din SHINee \u00ee\u0219i surprinde fanii cu vestea c\u0103 se va \u00eenrola \u00een serviciul militar obligatoriu pe data de 31..<\/p>\n","protected":false},"author":9,"featured_media":17377,"comment_status":"open","ping_status":"open","sticky":false,"template":"","format":"standard","meta":[],"categories":[17,765],"tags":[433,3159,1164,3444],"_links":{"self":[{"href":"https:\/\/www.saranghanguk.ro\/index.php\/wp-json\/wp\/v2\/posts\/17374"}],"collection":[{"href":"https:\/\/www.saranghanguk.ro\/index.php\/wp-json\/wp\/v2\/posts"}],"about":[{"href":"https:\/\/www.saranghanguk.ro\/index.php\/wp-json\/wp\/v2\/types\/post"}],"author":[{"embeddable":true,"href":"https:\/\/www.saranghanguk.ro\/index.php\/wp-json\/wp\/v2\/users\/9"}],"replies":[{"embeddable":true,"href":"https:\/\/www.saranghanguk.ro\/index.php\/wp-json\/wp\/v2\/comments?post=17374"}],"version-history":[{"count":1,"href":"https:\/\/www.saranghanguk.ro\/index.php\/wp-json\/wp\/v2\/posts\/17374\/revisions"}],"predecessor-version":[{"id":17378,"href":"https:\/\/www.saranghanguk.ro\/index.php\/wp-json\/wp\/v2\/posts\/17374\/revisions\/17378"}],"wp:featuredmedia":[{"embeddable":true,"href":"https:\/\/www.saranghanguk.ro\/index.php\/wp-json\/wp\/v2\/media\/17377"}],"wp:attachment":[{"href":"https:\/\/www.saranghanguk.ro\/index.php\/wp-json\/wp\/v2\/media?parent=17374"}],"wp:term":[{"taxonomy":"category","embeddable":true,"href":"https:\/\/www.saranghanguk.ro\/index.php\/wp-json\/wp\/v2\/categories?post=17374"},{"taxonomy":"post_tag","embeddable":true,"href":"https:\/\/www.saranghanguk.ro\/index.php\/wp-json\/wp\/v2\/tags?post=17374"}],"curies":[{"name":"wp","href":"https:\/\/api.w.org\/{rel}","templated":true}]}}