{"id":20785,"date":"2021-11-26T17:58:47","date_gmt":"2021-11-26T14:58:47","guid":{"rendered":"http:\/\/www.saranghanguk.ro\/?p=20785"},"modified":"2021-11-26T17:58:47","modified_gmt":"2021-11-26T14:58:47","slug":"bts-primii-artisti-asiatici-din-istorie-care-castiga-premiul-pentru-artistul-anului-la-gala-premiilor-american-music-awards-2021","status":"publish","type":"post","link":"https:\/\/www.saranghanguk.ro\/index.php\/2021\/11\/26\/bts-primii-artisti-asiatici-din-istorie-care-castiga-premiul-pentru-artistul-anului-la-gala-premiilor-american-music-awards-2021\/","title":{"rendered":"BTS, primii arti\u0219ti asiatici din istorie care c\u00e2\u0219tig\u0103 premiul pentru \u201cArtistul Anului\u201d la gala premiilor American Music Awards 2021"},"content":{"rendered":"<p>Sear\u0103 istoric\u0103 pentru BTS, la AMAs 2021!<\/p>\n<p>Premiile American Music Awards 2021 au avut loc la Microsoft Theatre, \u00een Los Angeles, pe 21 noiembrie (22 noiembrie, ora Rom\u00e2niei).<\/p>\n<p>BTS au fost prezen\u021bi personal la ceremonie \u0219i au ob\u021binut toate cele trei premii pentru care au fost nominaliza\u021bi: \u201cFavorite Pop Duo or Group\u201d (\u201cDuo-ul\/Grupul Pop Favorit\u201d), \u201cFavorite Pop Song\u201d (\u201cC\u00e2ntecul Pop Favorit\u201d), cu piesa \u201cButter\u201d \u0219i \u201cArtist of the Year\u201d (\u201cArtistul Anului\u201d). Pentru \u201cArtistul Anului\u201d, BTS s-a confruntat cu nume grele din industria musical\u0103 precum Ariana Grande, Drake, Olivia Rodrigo, Taylor Swift \u0219i The Weeknd, potrivit Soompi.<\/p>\n<p>Astfel, BTS au devenit primul act asiatic din istorie care a c\u00e2\u0219tigat distinc\u021bia \u201cArtistul Anului\u201d la American Music Awards, iar acest lucru marcheaz\u0103, de asemenea, al treilea an consecutiv \u00een care grupul a c\u00e2\u0219tigat premiul la categoria \u201cFavorite Pop Duo or Group\u201d (\u201cDuo-ul\/Grupul Pop Favorit\u201d).<\/p>\n<div id=\"attachment_20786\" style=\"width: 310px\" class=\"wp-caption alignnone\"><a href=\"http:\/\/www.saranghanguk.ro\/wp-content\/uploads\/2021\/11\/fexqwxzaaaehm55-scaled.jpg\"><img aria-describedby=\"caption-attachment-20786\" loading=\"lazy\" class=\"wp-image-20786 size-medium\" src=\"http:\/\/www.saranghanguk.ro\/wp-content\/uploads\/2021\/11\/fexqwxzaaaehm55-300x200.jpg\" alt=\"\" width=\"300\" height=\"200\" srcset=\"https:\/\/www.saranghanguk.ro\/wp-content\/uploads\/2021\/11\/fexqwxzaaaehm55-300x200.jpg 300w, https:\/\/www.saranghanguk.ro\/wp-content\/uploads\/2021\/11\/fexqwxzaaaehm55-1024x683.jpg 1024w, https:\/\/www.saranghanguk.ro\/wp-content\/uploads\/2021\/11\/fexqwxzaaaehm55-768x512.jpg 768w, https:\/\/www.saranghanguk.ro\/wp-content\/uploads\/2021\/11\/fexqwxzaaaehm55-1536x1024.jpg 1536w, https:\/\/www.saranghanguk.ro\/wp-content\/uploads\/2021\/11\/fexqwxzaaaehm55-2048x1365.jpg 2048w, https:\/\/www.saranghanguk.ro\/wp-content\/uploads\/2021\/11\/fexqwxzaaaehm55-335x223.jpg 335w, https:\/\/www.saranghanguk.ro\/wp-content\/uploads\/2021\/11\/fexqwxzaaaehm55-1050x700.jpg 1050w\" sizes=\"(max-width: 300px) 100vw, 300px\" \/><\/a><p id=\"caption-attachment-20786\" class=\"wp-caption-text\">Foto via Twitter: @bts_bighit<\/p><\/div>\n<p>Odat\u0103 anun\u021bat c\u00e2\u0219tig\u0103torul pentru categoria pentru \u201cFavorite Pop Duo or Group\u201d (\u201cDuo-ul\/Grupul Pop Favorit\u201d), BTS au urcat pe scen\u0103 pentru a-\u0219i primi trofeul, iar J-Hope a spus: \u201eMul\u021bumesc ARMY \u0219i mul\u021bumesc mult AMA pentru asta. Trei ani la r\u00e2nd, wow!\u201d Jin a luat microfonul \u0219i le-a mul\u021bumit fanilor, spun\u00e2nd: \u201eTotul este posibil datorit\u0103 ARMY. Voi sunte\u021bi universul nostru.\u201d RM a \u00eencheiat discursul \u00eemp\u0103rt\u0103\u0219ind: \u201eA fost nevoie de patru ani pentru a fi pe aceast\u0103 scen\u0103 pentru a ob\u021bine acest trofeu. Mul\u021bumesc mult. De fapt, acest lucru \u00eenseamn\u0103 \u0219i mai mult pentru noi pentru c\u0103 eram de fapt o trup\u0103 mic\u0103 de b\u0103ie\u021bi din Coreea. Ne-a unit dragostea noastr\u0103 pentru muzic\u0103 \u0219i tot ceea ce vrem s\u0103 facem este s\u0103 r\u0103sp\u00e2ndim dragostea, vibra\u021biile bune \u0219i energia prin muzic\u0103 \u0219i interpretare. Dar f\u0103r\u0103 voi, ARMY, nu am fi putut face nimic. Mul\u021bumesc mult.&#8221;<\/p>\n<p>Privi\u021bi aici \u00eentregul discurs:<\/p>\n<blockquote class=\"twitter-tweet\" data-width=\"550\" data-dnt=\"true\">\n<p lang=\"en\" dir=\"ltr\">They&#39;re setting the night alight and winning the <a href=\"https:\/\/twitter.com\/hashtag\/AMAs?src=hash&amp;ref_src=twsrc%5Etfw\">#AMAs<\/a> for Favorite Pop Duo or Group! CONGRATS, <a href=\"https:\/\/twitter.com\/BTS_twt?ref_src=twsrc%5Etfw\">@BTS_twt<\/a>! \ud83c\udf89 <a href=\"https:\/\/twitter.com\/hashtag\/BTSxAMAs?src=hash&amp;ref_src=twsrc%5Etfw\">#BTSxAMAs<\/a> <a href=\"https:\/\/t.co\/fzQs7M5HrW\">pic.twitter.com\/fzQs7M5HrW<\/a><\/p>\n<p>&mdash; American Music Awards (@AMAs) <a href=\"https:\/\/twitter.com\/AMAs\/status\/1462599232175566855?ref_src=twsrc%5Etfw\">November 22, 2021<\/a><\/p><\/blockquote>\n<p><script async src=\"https:\/\/platform.twitter.com\/widgets.js\" charset=\"utf-8\"><\/script><\/p>\n<p>Mai t\u00e2rziu, grupul a urcat din nou pe scen\u0103 pentru a primi premiul pentru \u201cFavorite Pop Song\u201d (\u201cC\u00e2ntecul Pop Favorit\u201d), iar Jimin a spus: \u201eMul\u021bumesc ARMY, mul\u021bumesc AMA \u0219i v\u0103 mul\u021bumesc tuturor pentru c\u0103 ne-a\u021bi iubit melodia \u201eButter\u201d. Jungkook a ad\u0103ugat: \u201e\u201eButter\u201d este un c\u00e2ntec speical pentru noi. Sper\u0103m c\u0103 v\u0103 face s\u0103 v\u0103 sim\u021bi \u2018neted ca untul\u2019 (aluzie la versurile melodiei n.r.).\u201d RM a \u00eencheiat \u00eenc\u0103 o dat\u0103 discursul. \u201eV\u0103 mul\u021bumesc tuturor, \u201eButter\u201d a primit at\u00e2t de mult\u0103 dragoste anul acesta. Tot ce trebuia s\u0103 facem este eman\u0103m energie pozitiv\u0103 \u00een ciuda acestor vremuri grele. Acest premiu dovede\u0219te cu adev\u0103rat c\u0103 acest c\u00e2ntec ajunge la inimile multor oameni. Nu lua\u021bi niciodat\u0103 de bun. Mul\u021bumesc mult\u201d, a \u00eemp\u0103rt\u0103\u0219it el.<\/p>\n<blockquote class=\"twitter-tweet\" data-width=\"550\" data-dnt=\"true\">\n<p lang=\"en\" dir=\"ltr\">You BUTTER believe it! <a href=\"https:\/\/twitter.com\/BTS_twt?ref_src=twsrc%5Etfw\">@BTS_twt<\/a>&#39;s &quot;Butter&quot; is your <a href=\"https:\/\/twitter.com\/hashtag\/AMAs?src=hash&amp;ref_src=twsrc%5Etfw\">#AMAs<\/a> Favorite Pop Song! \ud83c\udf89 <a href=\"https:\/\/twitter.com\/hashtag\/BTSxAMAs?src=hash&amp;ref_src=twsrc%5Etfw\">#BTSxAMAs<\/a> <a href=\"https:\/\/t.co\/v6OsYs9Bf9\">pic.twitter.com\/v6OsYs9Bf9<\/a><\/p>\n<p>&mdash; American Music Awards (@AMAs) <a href=\"https:\/\/twitter.com\/AMAs\/status\/1462614608678580224?ref_src=twsrc%5Etfw\">November 22, 2021<\/a><\/p><\/blockquote>\n<p><script async src=\"https:\/\/platform.twitter.com\/widgets.js\" charset=\"utf-8\"><\/script><\/p>\n<p>\u00cen cele din urm\u0103, pentru premiul \u201cArtistul Anului\u201d, RM a spus c\u0103 a uitat ce trebuia s\u0103 spun\u0103, dar a totu\u0219i a continuat: \u201eMul\u021bumesc, AMA, suntem cu adev\u0103rat onora\u021bi s\u0103 fim pe aceast\u0103 scen\u0103 cu arti\u0219ti at\u00e2t de uimitori \u0219i extraordinari. Suntem at\u00e2t de onora\u021bi. Mul\u021bumesc pentru c\u0103\u2026&#8221; s-a oprti, iar dup\u0103 o mica pauz\u0103 a recunoscut: \u201eSunt emo\u021bionat, da\u201d.<\/p>\n<p>Apoi \u0219i-a continuat discursul: \u201eCu patru ani \u00een urm\u0103, am sus\u021binut un spectacol live pentru prima dat\u0103 la televizor pe aceast\u0103 scen\u0103, la AMA, a fost \u201eDNA\u201d \u0219i eram prea entuziasma\u021bi \u0219i emo\u021biona\u021bi la acea vreme. \u0218i a fost o c\u0103l\u0103torie lung\u0103 \u0219i uimitoare de atunci, dar nimeni nu ar fi putut paria vreodat\u0103 pe \u0219ansele ca noi s\u0103 st\u0103m aici s\u0103 primim acest premiu. \u00cen afar\u0103 de voi to\u021bi, ARMY. \u00cen afar\u0103 de voi to\u021bi. \u0218apte b\u0103ie\u021bi din Coreea, uni\u021bi de o dragoste pentru muzic\u0103. Am \u00eent\u00e2lnit dragostea \u0219i sprijinul din partea tuturor ARMY din \u00eentreaga lume. Toat\u0103 chestia asta este un miracol. Serios, nu vom lua niciodat\u0103 asta de bun. Mul\u021bumesc mult. V\u0103 iubim pe to\u021bi, vrem s\u0103 v\u0103 oferim aceast\u0103 onoare. Mul\u021bumesc HYBE, mul\u021bumesc personalului, tuturor oamenilor.\u201d<\/p>\n<p>Suga \u0219i-a \u021binut discursul \u00een coreean\u0103, spun\u00e2nd: \u201eAm debutat la televiziunea din SUA acum patru ani la AMA \u0219i nu aveam idee c\u0103 vom putea primi \u201cArtistul Anului\u201d. Cred c\u0103 totul se datoreaz\u0103 ARMY, mul\u021bumesc ARMY!\u201d<\/p>\n<p>Jungkook a spus: \u201eAm vrut doar s\u0103 facem oamenii ferici\u021bi cu muzica noastr\u0103. Credem c\u0103 acest premiu deschide \u00eenceputul noului nostru capitol. \u00cen ultimii ani, am \u00eenv\u0103\u021bat c\u0103 fiecare moment este pre\u021bios. Deci, \u00een 2022, vrem s\u0103 ne concentr\u0103m pe&#8230;\u201d \u0219i brusc s-a oprit, pentru c\u0103 a uitat ce avea de zis mai departe. V a luat microfonul \u0219i a continuatr: \u201eSunt profund impresionat de acest premiu. Apreciez dragostea voastr\u0103. Mul\u021bumesc ARMY, mul\u021bumesc AMA. V\u0103 mul\u021bumim, noi v\u0103 iubim \u00een culoarea mov!\u201d<\/p>\n<blockquote class=\"twitter-tweet\" data-width=\"550\" data-dnt=\"true\">\n<p lang=\"en\" dir=\"ltr\">ARMY! \ud83d\udea8 You did it! You voted and <a href=\"https:\/\/twitter.com\/BTS_twt?ref_src=twsrc%5Etfw\">@BTS_twt<\/a> is the <a href=\"https:\/\/twitter.com\/hashtag\/AMAs?src=hash&amp;ref_src=twsrc%5Etfw\">#AMAs<\/a> Artist of The Year! Congrats! \ud83c\udf89 <a href=\"https:\/\/twitter.com\/hashtag\/BTSxAMAs?src=hash&amp;ref_src=twsrc%5Etfw\">#BTSxAMAs<\/a> <a href=\"https:\/\/t.co\/wJ6NDQgHbo\">pic.twitter.com\/wJ6NDQgHbo<\/a><\/p>\n<p>&mdash; American Music Awards (@AMAs) <a href=\"https:\/\/twitter.com\/AMAs\/status\/1462630599353532423?ref_src=twsrc%5Etfw\">November 22, 2021<\/a><\/p><\/blockquote>\n<p><script async src=\"https:\/\/platform.twitter.com\/widgets.js\" charset=\"utf-8\"><\/script><\/p>\n<p>Pe l\u00e2ng\u0103 toate premiile importante pe care b\u0103ie\u021bii le-au c\u00e2\u0219tigat, ace\u0219tia au marcat o alt\u0103 premier\u0103 \u00een cariera lor. Pentru prima dat\u0103, grupul a c\u00e2ntat pe scen\u0103 de dou\u0103 ori!<\/p>\n<p>Prima dat\u0103, b\u0103ie\u021bii au urcat pe scen\u0103 pentru a interpreta piesa \u201cMy Universe\u201d, al\u0103turi de trupa Coldplay, marc\u00e2nd astfel \u0219i prima presta\u021bie live a celor din BTS \u00een fa\u021ba fanilor, dup\u0103 mai bine de 2 ani \u00een care nu au putut organiza concerte cu public.<\/p>\n<div id=\"attachment_20787\" style=\"width: 310px\" class=\"wp-caption alignnone\"><a href=\"http:\/\/www.saranghanguk.ro\/wp-content\/uploads\/2021\/11\/fexqvyjagaaw6rr-scaled.jpg\"><img aria-describedby=\"caption-attachment-20787\" loading=\"lazy\" class=\"wp-image-20787 size-medium\" src=\"http:\/\/www.saranghanguk.ro\/wp-content\/uploads\/2021\/11\/fexqvyjagaaw6rr-300x200.jpg\" alt=\"\" width=\"300\" height=\"200\" srcset=\"https:\/\/www.saranghanguk.ro\/wp-content\/uploads\/2021\/11\/fexqvyjagaaw6rr-300x200.jpg 300w, https:\/\/www.saranghanguk.ro\/wp-content\/uploads\/2021\/11\/fexqvyjagaaw6rr-1024x683.jpg 1024w, https:\/\/www.saranghanguk.ro\/wp-content\/uploads\/2021\/11\/fexqvyjagaaw6rr-768x512.jpg 768w, https:\/\/www.saranghanguk.ro\/wp-content\/uploads\/2021\/11\/fexqvyjagaaw6rr-1536x1024.jpg 1536w, https:\/\/www.saranghanguk.ro\/wp-content\/uploads\/2021\/11\/fexqvyjagaaw6rr-2048x1365.jpg 2048w, https:\/\/www.saranghanguk.ro\/wp-content\/uploads\/2021\/11\/fexqvyjagaaw6rr-335x223.jpg 335w, https:\/\/www.saranghanguk.ro\/wp-content\/uploads\/2021\/11\/fexqvyjagaaw6rr-1050x700.jpg 1050w\" sizes=\"(max-width: 300px) 100vw, 300px\" \/><\/a><p id=\"caption-attachment-20787\" class=\"wp-caption-text\">Foto via Twitter: @bts_bighit<\/p><\/div>\n<p>C\u00e2nt\u00e2nd pentru o mul\u021bime entuziasmat\u0103, care purta br\u0103\u021b\u0103ri luminoase, at\u00e2t Chris Martin, solistul de la Coldplay, c\u00e2t \u0219i membrii BTS, s-au distrat de minune, au str\u0103b\u0103tut scena \u00eempreun\u0103 \u0219i au interac\u021bionat at\u00e2t \u00eentre ei, c\u00e2t \u0219i cu fanii.<\/p>\n<p>Urm\u0103ri\u021bi momentul magic aici:<\/p>\n<p><iframe loading=\"lazy\" title=\"Coldplay X BTS - My Universe (Live at the AMAs)\" width=\"960\" height=\"540\" src=\"https:\/\/www.youtube.com\/embed\/9L3aw9PfDpw?feature=oembed\" frameborder=\"0\" allow=\"accelerometer; autoplay; clipboard-write; encrypted-media; gyroscope; picture-in-picture\" allowfullscreen><\/iframe><\/p>\n<p>Pe l\u00e2ng\u0103 \u201cMy Universe\u201d, BTS au avut onoarea de a \u00eencheia seara premiilor AMA cu piesa \u201cButter\u201d. \u00cembr\u0103ca\u021bi \u00een costume \u0219ic, galbene, ace\u0219tia au \u00eencins atmosfera prin mi\u0219c\u0103rile lor \u201cnetede ca untul\u201d, cu care toat\u0103 lumea s-a obi\u0219nuit deja.<\/p>\n<p>Iat\u0103 interpretarea aici:<\/p>\n<p><iframe loading=\"lazy\" title=\"BTS (\ubc29\ud0c4\uc18c\ub144\ub2e8) &#039;Butter&#039; @ 2021 American Music Awards\" width=\"960\" height=\"540\" src=\"https:\/\/www.youtube.com\/embed\/AcXio81i9TE?feature=oembed\" frameborder=\"0\" allow=\"accelerometer; autoplay; clipboard-write; encrypted-media; gyroscope; picture-in-picture\" allowfullscreen><\/iframe><\/p>\n<p>&nbsp;<\/p>\n<p>Ini\u021bial, BTS ar fi trebuit s\u0103 interpreteze remixul piesei \u201cButter\u201d \u00eempreun\u0103 cu Megan Thee Stallion, \u00eens\u0103 din motive personale, artista nu s-a mai putut prezenta la premiile AMA.<\/p>\n<p>Felicit\u0103ri, BTS, pentru o seara legendar\u0103, din toate punctele de vedere!<\/p>\n","protected":false},"excerpt":{"rendered":"<p>Sear\u0103 istoric\u0103 pentru BTS, la AMAs 2021! Premiile American Music Awards 2021 au avut loc la Microsoft Theatre, \u00een Los..<\/p>\n","protected":false},"author":9,"featured_media":20788,"comment_status":"open","ping_status":"open","sticky":false,"template":"","format":"standard","meta":[],"categories":[251,17,765],"tags":[1783,4569,300,3880],"_links":{"self":[{"href":"https:\/\/www.saranghanguk.ro\/index.php\/wp-json\/wp\/v2\/posts\/20785"}],"collection":[{"href":"https:\/\/www.saranghanguk.ro\/index.php\/wp-json\/wp\/v2\/posts"}],"about":[{"href":"https:\/\/www.saranghanguk.ro\/index.php\/wp-json\/wp\/v2\/types\/post"}],"author":[{"embeddable":true,"href":"https:\/\/www.saranghanguk.ro\/index.php\/wp-json\/wp\/v2\/users\/9"}],"replies":[{"embeddable":true,"href":"https:\/\/www.saranghanguk.ro\/index.php\/wp-json\/wp\/v2\/comments?post=20785"}],"version-history":[{"count":1,"href":"https:\/\/www.saranghanguk.ro\/index.php\/wp-json\/wp\/v2\/posts\/20785\/revisions"}],"predecessor-version":[{"id":20789,"href":"https:\/\/www.saranghanguk.ro\/index.php\/wp-json\/wp\/v2\/posts\/20785\/revisions\/20789"}],"wp:featuredmedia":[{"embeddable":true,"href":"https:\/\/www.saranghanguk.ro\/index.php\/wp-json\/wp\/v2\/media\/20788"}],"wp:attachment":[{"href":"https:\/\/www.saranghanguk.ro\/index.php\/wp-json\/wp\/v2\/media?parent=20785"}],"wp:term":[{"taxonomy":"category","embeddable":true,"href":"https:\/\/www.saranghanguk.ro\/index.php\/wp-json\/wp\/v2\/categories?post=20785"},{"taxonomy":"post_tag","embeddable":true,"href":"https:\/\/www.saranghanguk.ro\/index.php\/wp-json\/wp\/v2\/tags?post=20785"}],"curies":[{"name":"wp","href":"https:\/\/api.w.org\/{rel}","templated":true}]}}