{"id":21301,"date":"2021-12-30T20:03:03","date_gmt":"2021-12-30T17:03:03","guid":{"rendered":"http:\/\/www.saranghanguk.ro\/?p=21301"},"modified":"2021-12-30T20:03:03","modified_gmt":"2021-12-30T17:03:03","slug":"seulul-si-washingtonul-au-cazut-de-acord-asupra-unui-proiect-de-declaratie-privind-incheierea-razboiului-din-peninsula","status":"publish","type":"post","link":"https:\/\/www.saranghanguk.ro\/index.php\/2021\/12\/30\/seulul-si-washingtonul-au-cazut-de-acord-asupra-unui-proiect-de-declaratie-privind-incheierea-razboiului-din-peninsula\/","title":{"rendered":"Seulul \u015fi Washingtonul au c\u0103zut de acord asupra unui proiect de declara\u0163ie privind \u00eencheierea r\u0103zboiului din Peninsul\u0103"},"content":{"rendered":"<p>Ministrul de Externe sud-coreean Chung Eui Yong a anun\u021bat c\u0103\u00a0 Seulul \u015fi Washingtonul au c\u0103zut de acord asupra unui proiect de declara\u0163ie pentru a pune cap\u0103t r\u0103zboiului din Peninsula Coreea, subiect intens promovat \u00een ultima perioad\u0103 pentru a atrage Phenianul din nou la masa negocierilor, transmite EFE, preluat de <a href=\"https:\/\/www.agerpres.ro\/politica-externa\/2021\/12\/29\/seulul-anunta-ca-a-ajuns-la-un-acord-cu-sua-asupra-unui-proiect-de-incheiere-a-razboiului-din-peninsula-coreea--839146\">Agerpres<\/a>.<\/p>\n<p>&#8220;\u00cen ceea ce prive\u015fte declara\u0163ia privind \u00eencheierea r\u0103zboiului, Republica Coreea (numele oficial al Coreei de Sud) \u015fi SUA s-au declarat de acord asupra importan\u0163ei sale, iar cele dou\u0103 p\u0103r\u0163i au ajuns la o \u00een\u0163elegere virtual asupra unui proiect (de declara\u0163ie &#8211; n.r.)&#8221;, a declarat Chung, \u00eentr-o conferin\u0163\u0103 de pres\u0103 sus\u021binut\u0103 pe 29 decembrie.<\/p>\n<p>Anali\u015ftii sunt sceptici cu privire la viabilitatea acestei ini\u0163iative, resuscitat\u0103 \u00eenc\u0103 din luna septembrie a acestui an de pre\u015fedintele sud-coreean Moon Jae-in, ca un ultim efort pentru a readuce Phenianul la masa discu\u0163iilor privind denuclearizarea \u00eenaintea \u00eencheierii mandatului s\u0103u, \u00een mai 2022.<\/p>\n<p>Potrivit sursei citate, proiectul de declara\u0163ie \u00ee\u015fi propune s\u0103 contribuie la terminarea R\u0103zboiului din Coreea (1950-1953), care s-a \u00eencheiat doar printr-un armisti\u0163iu, f\u0103r\u0103 semnarea unui acord de pace, \u00eens\u0103 simplul fapt c\u0103 este vorba despre o declara\u0163ie \u015fi nu despre un tratat de pace face ca \u00een realitate acordul s\u0103 nu aib\u0103 caracter obligatoriu.<\/p>\n<p>&#8220;De\u015fi Coreea de Nord a avut o serie de reac\u0163ii rapide \u015fi pozitive la declara\u0163ia privind sf\u00e2r\u015fitul r\u0103zboiului, sper\u0103m s\u0103 dea un r\u0103spuns mai concret&#8221;, a ad\u0103ugat Chung, citat de agen\u0163ia de pres\u0103 Yonhap.<\/p>\n<p>Sora liderului nord-coreean, Kim Yo Jong, a apreciat la vremea respectiv\u0103 c\u0103 ini\u0163iativa este &#8220;interesant\u0103&#8221;, dar a insistat c\u0103 Seul \u015fi Washingtonul trebuie s\u0103 renun\u0163e la &#8220;politica lor ostil\u0103&#8221; fa\u0163\u0103 de regimul de la Phenian pentru a ob\u0163ine progrese \u00een cadrul convorbirilor.<\/p>\n<p>\u00censu\u015fi liderul nord-coreean Kim Jong Un a declarat ulterior c\u0103, pentru moment, nu este interesat s\u0103 participe la vreo \u00eent\u00e2lnire cu SUA pentru a \u00eencerca s\u0103 relanseze dialogul privind denuclearizarea, aflat \u00een impas, din cauza sus-men\u0163ionatei &#8220;politici ostile&#8221;.<\/p>\n<p>&#8220;Analiz\u0103m diverse c\u0103i pentru ca discu\u0163iile cu Coreea de Nord s\u0103 avanseze&#8221;, a men\u0163ionat Chung, f\u0103r\u0103 a preciza care sunt aceste mijloace.<\/p>\n<p>Declara\u0163iile lui Chung survin \u00eentr-o perioad\u0103 \u00een care Coreea de Nord organizeaz\u0103 o important\u0103 plenar\u0103 a partidului unic \u00een care \u00ee\u015fi va contura liniile de politic\u0103 \u015fi de diploma\u0163ie pentru anul 2022.<\/p>\n<p>Este de a\u015fteptat ca, odat\u0103 finalizat\u0103 plenara, \u00een preajma Anului Nou, Kim Jong Un s\u0103 rosteasc\u0103 un discurs de \u00eencheiere care s\u0103 serveasc\u0103 drept mesaj pentru Seul \u015fi Washington \u00een leg\u0103tur\u0103 cu inten\u0163iile regimului de la Phenian pentru anul viitor, mai arat\u0103 sursa citat\u0103.<\/p>\n","protected":false},"excerpt":{"rendered":"<p>Ministrul de Externe sud-coreean Chung Eui Yong a anun\u021bat c\u0103\u00a0 Seulul \u015fi Washingtonul au c\u0103zut de acord asupra unui proiect..<\/p>\n","protected":false},"author":2,"featured_media":21302,"comment_status":"open","ping_status":"open","sticky":false,"template":"","format":"standard","meta":[],"categories":[251],"tags":[8,4711,562,4710,439],"_links":{"self":[{"href":"https:\/\/www.saranghanguk.ro\/index.php\/wp-json\/wp\/v2\/posts\/21301"}],"collection":[{"href":"https:\/\/www.saranghanguk.ro\/index.php\/wp-json\/wp\/v2\/posts"}],"about":[{"href":"https:\/\/www.saranghanguk.ro\/index.php\/wp-json\/wp\/v2\/types\/post"}],"author":[{"embeddable":true,"href":"https:\/\/www.saranghanguk.ro\/index.php\/wp-json\/wp\/v2\/users\/2"}],"replies":[{"embeddable":true,"href":"https:\/\/www.saranghanguk.ro\/index.php\/wp-json\/wp\/v2\/comments?post=21301"}],"version-history":[{"count":1,"href":"https:\/\/www.saranghanguk.ro\/index.php\/wp-json\/wp\/v2\/posts\/21301\/revisions"}],"predecessor-version":[{"id":21303,"href":"https:\/\/www.saranghanguk.ro\/index.php\/wp-json\/wp\/v2\/posts\/21301\/revisions\/21303"}],"wp:featuredmedia":[{"embeddable":true,"href":"https:\/\/www.saranghanguk.ro\/index.php\/wp-json\/wp\/v2\/media\/21302"}],"wp:attachment":[{"href":"https:\/\/www.saranghanguk.ro\/index.php\/wp-json\/wp\/v2\/media?parent=21301"}],"wp:term":[{"taxonomy":"category","embeddable":true,"href":"https:\/\/www.saranghanguk.ro\/index.php\/wp-json\/wp\/v2\/categories?post=21301"},{"taxonomy":"post_tag","embeddable":true,"href":"https:\/\/www.saranghanguk.ro\/index.php\/wp-json\/wp\/v2\/tags?post=21301"}],"curies":[{"name":"wp","href":"https:\/\/api.w.org\/{rel}","templated":true}]}}