{"id":21374,"date":"2022-01-05T14:00:17","date_gmt":"2022-01-05T11:00:17","guid":{"rendered":"http:\/\/www.saranghanguk.ro\/?p=21374"},"modified":"2022-01-07T16:43:46","modified_gmt":"2022-01-07T13:43:46","slug":"coreea-de-sud-isi-intensifica-eforturile-de-a-atrage-mai-multi-muncitori-straini","status":"publish","type":"post","link":"https:\/\/www.saranghanguk.ro\/index.php\/2022\/01\/05\/coreea-de-sud-isi-intensifica-eforturile-de-a-atrage-mai-multi-muncitori-straini\/","title":{"rendered":"Coreea  de Sud \u00ee\u0219i intensific\u0103 eforturile de a atrage mai mul\u021bi muncitori str\u0103ini"},"content":{"rendered":"<p style=\"text-align: justify;\">Guvernul coreean \u00ee\u0219i va intensifica eforturile pentru a atrage \u00a0c\u00e2t mai mul\u021bi cet\u0103\u021beni str\u0103ini califica\u021bi \u00een acest an prin \u00eembun\u0103t\u0103\u021birea sistemului de vize pentru solicitan\u021bii de locuri de munc\u0103 care au ob\u021binut o diplom\u0103 avansat\u0103 la o universitate din Coreea.<\/p>\n<p style=\"text-align: justify;\">De fapt, ministerul Justi\u021biei a introdus recent un set de politici de imigra\u021bie mai deschise \u0219i mai incluzive care vizeaz\u0103 cre\u0219terea num\u0103rului de lucr\u0103tori str\u0103ini pentru a men\u021bine cre\u0219terea na\u021bional\u0103 pe fondul sc\u0103derii continue a popula\u021biei din \u021bar\u0103, natalit\u0103\u021bii sc\u0103zute \u0219i \u00eemb\u0103tr\u00e2nirii societ\u0103\u021bii.<\/p>\n<p style=\"text-align: justify;\">Potrivit datelor ministerului, \u00een 2021 locuiau \u00een Coreea de Sud\u00a0 peste 1,97 milioane de reziden\u021bi de na\u021bionalitate str\u0103in\u0103, reprezent\u00e2nd 3,82% din popula\u021bia total\u0103 a \u021b\u0103rii. Aproximativ 170.000 de studen\u021bi interna\u021bionali studiaz\u0103 la universit\u0103\u021bi din \u00eentreaga \u021bar\u0103, dintre care peste jum\u0103tate sunt \u00eenscri\u0219i la cursuri pentru a studia alte subiecte\/domenii dec\u00e2t limba coreean\u0103, potrivit KoreaTimes.<\/p>\n<p style=\"text-align: justify;\">\u00cen prima jum\u0103tate a acestui an, ministerul va lansa un a\u0219a-numit \u201esistem de vize accelerat\u201d pentru cet\u0103\u021benii str\u0103ini care au ob\u021binut master sau doctorat, diplome \u00een \u0219tiin\u021b\u0103 \u0219i tehnologia informa\u021biei (IT) aici, care le-ar garanta statutul juridic \u00een perioada de c\u0103utare a unui loc de munc\u0103. M\u0103sura aceasta vine \u00een condi\u021biile \u00een care \u021bara se confrunt\u0103 cu\u00a0 un a\u0219a numit &#8220;exod de creiere&#8221;, mul\u021bi tineri cet\u0103\u021beni str\u0103ini califica\u021bi aleg\u00e2nd s\u0103 p\u0103r\u0103seasc\u0103 Coreea odat\u0103 ce le expir\u0103 vizele de student.<\/p>\n<div style=\"width: 784px\" class=\"wp-caption aligncenter\"><img loading=\"lazy\" src=\"https:\/\/www.ciee.org\/sites\/default\/files\/styles\/607h\/public\/content\/user-uploads\/NLeger\/img_0249.jpg?itok=cbQLjdow\" alt=\"20 Tips on Korean Culture for Foreigners | College Study Abroad | CIEE\" width=\"774\" height=\"516\" \/><p class=\"wp-caption-text\">Foto: ciee.org<\/p><\/div>\n<p style=\"text-align: justify;\">De asemenea, autorit\u0103\u021bile vor introduce o nou\u0103 politic\u0103 de vize pentru a atrage cet\u0103\u021beni str\u0103ini \u00een sectoarele de divertisment \u0219i cultur\u0103, extinz\u00e2nd totodat\u0103 sprijinul pentru copiii reziden\u021bilor str\u0103ini f\u0103r\u0103 acte care au fost crescu\u021bi aici dup\u0103 ce au intrat \u00een \u021bar\u0103 la o v\u00e2rst\u0103 fraged\u0103. Pentru a le asigura dreptul la educa\u021bie \u0219i pentru a-i accepta ca membri ai societ\u0103\u021bii coreene, ministerul ia \u00een considerare acordarea reziden\u021bei permanente copiilor care au absolvit \u00eenv\u0103\u021b\u0103m\u00e2ntul primar aici. P\u0103rin\u021bilor unor astfel de copii li se poate acorda \u0219i statutul legal de a r\u0103m\u00e2ne \u00een \u021bar\u0103 p\u00e2n\u0103 c\u00e2nd copilul \u00ee\u0219i finalizeaz\u0103 studiile.<\/p>\n<p>Ministerul a declarat c\u0103 va continua s\u0103 sprijine migran\u021bii\u00a0 afgani care au intrat \u00een \u021bar\u0103 \u00een august ca \u201econtribuitori speciali\u201d pentru a se integra \u00een societatea coreean\u0103 \u00een ceea ce prive\u0219te ocuparea for\u021bei de munc\u0103 \u0219i educa\u021bia pe care o vor primi. De asemenea, m\u0103surile de sprijin oferite acestora se vor reflecta \u00een politicile guvernamentale legate de refugia\u021bi \u00een viitor.<\/p>\n","protected":false},"excerpt":{"rendered":"<p>Guvernul coreean \u00ee\u0219i va intensifica eforturile pentru a atrage \u00a0c\u00e2t mai mul\u021bi cet\u0103\u021beni str\u0103ini califica\u021bi \u00een acest an prin \u00eembun\u0103t\u0103\u021birea..<\/p>\n","protected":false},"author":8,"featured_media":21471,"comment_status":"open","ping_status":"open","sticky":false,"template":"","format":"standard","meta":[],"categories":[17],"tags":[4744,4748,3422,1131,4747,4746,4743,2395,4745],"_links":{"self":[{"href":"https:\/\/www.saranghanguk.ro\/index.php\/wp-json\/wp\/v2\/posts\/21374"}],"collection":[{"href":"https:\/\/www.saranghanguk.ro\/index.php\/wp-json\/wp\/v2\/posts"}],"about":[{"href":"https:\/\/www.saranghanguk.ro\/index.php\/wp-json\/wp\/v2\/types\/post"}],"author":[{"embeddable":true,"href":"https:\/\/www.saranghanguk.ro\/index.php\/wp-json\/wp\/v2\/users\/8"}],"replies":[{"embeddable":true,"href":"https:\/\/www.saranghanguk.ro\/index.php\/wp-json\/wp\/v2\/comments?post=21374"}],"version-history":[{"count":9,"href":"https:\/\/www.saranghanguk.ro\/index.php\/wp-json\/wp\/v2\/posts\/21374\/revisions"}],"predecessor-version":[{"id":21477,"href":"https:\/\/www.saranghanguk.ro\/index.php\/wp-json\/wp\/v2\/posts\/21374\/revisions\/21477"}],"wp:featuredmedia":[{"embeddable":true,"href":"https:\/\/www.saranghanguk.ro\/index.php\/wp-json\/wp\/v2\/media\/21471"}],"wp:attachment":[{"href":"https:\/\/www.saranghanguk.ro\/index.php\/wp-json\/wp\/v2\/media?parent=21374"}],"wp:term":[{"taxonomy":"category","embeddable":true,"href":"https:\/\/www.saranghanguk.ro\/index.php\/wp-json\/wp\/v2\/categories?post=21374"},{"taxonomy":"post_tag","embeddable":true,"href":"https:\/\/www.saranghanguk.ro\/index.php\/wp-json\/wp\/v2\/tags?post=21374"}],"curies":[{"name":"wp","href":"https:\/\/api.w.org\/{rel}","templated":true}]}}