{"id":23545,"date":"2022-06-14T22:31:32","date_gmt":"2022-06-14T19:31:32","guid":{"rendered":"https:\/\/www.saranghanguk.ro\/?p=23545"},"modified":"2022-06-14T22:31:35","modified_gmt":"2022-06-14T19:31:35","slug":"bts-anunta-o-pauza-nedeterminata-de-la-activitatile-de-grup-se-vor-concentra-mai-mult-pe-activitatile-individuale","status":"publish","type":"post","link":"https:\/\/www.saranghanguk.ro\/index.php\/2022\/06\/14\/bts-anunta-o-pauza-nedeterminata-de-la-activitatile-de-grup-se-vor-concentra-mai-mult-pe-activitatile-individuale\/","title":{"rendered":"BTS anun\u021b\u0103 o pauz\u0103 nedeterminat\u0103 de la activit\u0103\u021bile de grup + se vor concentra mai mult pe activit\u0103\u021bile individuale"},"content":{"rendered":"\n<p>BTS a anun\u021bat c\u0103 vor lua o pauz\u0103 de la activit\u0103\u021bile de grup pentru a se concentra pe carierele lor solo, potrivit <a href=\"https:\/\/www.soompi.com\/article\/1530913wpp\/bts-announces-indefinite-hiatus-from-group-activities-opens-up-about-their-concerns\" data-type=\"URL\" data-id=\"https:\/\/www.soompi.com\/article\/1530913wpp\/bts-announces-indefinite-hiatus-from-group-activities-opens-up-about-their-concerns\">Soompi<\/a>.<\/p>\n\n\n\n<p>Pe 14 iunie, grupul \u0219i-a \u00eencheiat Festa BTS din 2022 \u2013 s\u0103rb\u0103toarea lor anual\u0103 a anivers\u0103rii debutului lor \u2013 lans\u00e2nd o filmare \u00een care luau masa \u00eempreun\u0103 \u0219i au f\u0103cut un anun\u021b important despre viitorul lor.<\/p>\n\n\n\n<p>Dup\u0103 ce membrii BTS s-au bucurat de c\u00e2teva b\u0103uturi \u0219i au discutat \u00eempreun\u0103, Suga a \u00eenceput conversa\u021bia spun\u00e2nd: \u201eDeci am intrat \u00eentr-un extrasezon\u201d, pe care subtitr\u0103rile oficiale ale videoclipului l-au tradus prin \u201eAcum intr\u0103m \u00eentr-o pauz\u0103 (hiatus)\u201d.<\/p>\n\n\n\n<p>\u201eAr trebui s\u0103 vorbim de ce nu facem FESTA [\u00een acest an] \u0219i de ce nu am creat prea mult con\u021binut nou?\u201d a continuat Suga. \u201eTrebuie s\u0103 vorbim despre direc\u021bia pe care o lu\u0103m.\u201d<\/p>\n\n\n\n<p>RM a vorbit apoi despre lupta cu identitatea BTS \u00een ultimii ani, explic\u00e2nd: \u201eP\u00e2n\u0103 la \u201eON\u201d \u0219i \u201eDynamite\u201d, am sim\u021bit c\u0103 grupul BTS era \u00een m\u00e2inile mele. Dar c\u00e2nd am f\u0103cut \u201eButter\u201d \u0219i \u201ePermission to Dance\u201d, nu prea \u0219tiam ce fel de grup suntem.\u201d<\/p>\n\n\n\n<p>El a continuat s\u0103 vorbeasc\u0103 despre c\u00e2t de agitat\u0103 \u0219i aglomerat\u0103 a fost via\u021ba lui de idol, remarc\u00e2nd: \u201eNu am timp s\u0103 cresc. Nu doar \u00een ceea ce prive\u0219te abilit\u0103\u021bile mele, ci \u0219i ca om. Sunt o persoan\u0103 foarte diferit\u0103 de cea care eram acum 10 ani \u0219i am nevoie de timp s\u0103 m\u0103 g\u00e2ndesc \u0219i s\u0103 fiu singur, astfel \u00eenc\u00e2t acele g\u00e2nduri s\u0103 se poat\u0103 maturiza \u00een ceva unic al meu.\u201d<\/p>\n\n\n\n<p>\u201eDar dup\u0103 ce am petrecut ultimii 10 ani ca BTS, \u00een timp ce ne \u00eendeplinim programul \u00eenc\u0103rcat \u00eempreun\u0103, nu m\u0103 pot maturiza\u201d, a continuat RM. \u201eNu am timp s\u0103 m\u0103 g\u00e2ndesc. Trebuie s\u0103 \u0219tiu ce fel de persoan\u0103 sunt, ce fel de grup este BTS, de ce sunt aici, ce \u00eenseamn\u0103 ceilal\u021bi membri pentru mine \u0219i calea pe care trebuie s\u0103 o lu\u0103m \u00een viitor; Trebuie s\u0103 \u021bin cont de aceste lucruri \u00een timp ce dau interviuri \u0219i scriu versuri. Dar, \u00eencep\u00e2nd de la un anumit punct, nu am fost sigur ce fel de grup suntem.\u201d<\/p>\n\n\n\n<p>Jimin a observat: \u201eCred c\u0103 abia acum \u00eencepem s\u0103 ne g\u00e2ndim la ce fel de artist dorim ca fanii no\u0219tri s\u0103 \u00ee\u0219i aminteasc\u0103 atunci c\u00e2nd se g\u00e2ndesc la noi. Cred c\u0103 de aceea trecem printr-o perioad\u0103 grea acum, pentru c\u0103 am intrat \u00eentr-o faz\u0103 \u00een care abia acum \u00eencerc\u0103m s\u0103 ne g\u0103sim identit\u0103\u021bile.\u201d<\/p>\n\n\n\n<figure class=\"wp-block-image size-large\"><a href=\"https:\/\/www.saranghanguk.ro\/wp-content\/uploads\/2022\/06\/bts-24.jpg\"><img loading=\"lazy\" width=\"1024\" height=\"570\" src=\"https:\/\/www.saranghanguk.ro\/wp-content\/uploads\/2022\/06\/bts-24-1024x570.jpg\" alt=\"\" class=\"wp-image-23548\" srcset=\"https:\/\/www.saranghanguk.ro\/wp-content\/uploads\/2022\/06\/bts-24-1024x570.jpg 1024w, https:\/\/www.saranghanguk.ro\/wp-content\/uploads\/2022\/06\/bts-24-300x167.jpg 300w, https:\/\/www.saranghanguk.ro\/wp-content\/uploads\/2022\/06\/bts-24-768x428.jpg 768w, https:\/\/www.saranghanguk.ro\/wp-content\/uploads\/2022\/06\/bts-24-335x187.jpg 335w, https:\/\/www.saranghanguk.ro\/wp-content\/uploads\/2022\/06\/bts-24-1050x585.jpg 1050w, https:\/\/www.saranghanguk.ro\/wp-content\/uploads\/2022\/06\/bts-24.jpg 1440w\" sizes=\"(max-width: 1024px) 100vw, 1024px\" \/><\/a><\/figure>\n\n\n\n<p>Suga a ad\u0103ugat c\u0103, pentru c\u0103 a fost at\u00e2t de epuizat recent, s-a chinuit s\u0103 g\u0103seasc\u0103 inspira\u021bie atunci c\u00e2nd vine vorba de compozi\u021bie. \u201eCel mai greu este s\u0103 scrii versuri\u201d, a spus el. \u201eNu m\u0103 g\u00e2ndesc la nimic de spus. Trebuie s\u0103 scriu despre lucruri pe care personal le simt \u0219i pe care vreau s\u0103 le spun, dar simt c\u0103 doar for\u021bez lucrurile acum&#8230; \u0219i asta este at\u00e2t de dificil.\u201d<\/p>\n\n\n\n<p>RM a reiterat c\u0103 a sim\u021bit c\u0103 are nevoie de timp pentru a se concentra \u00een \u00eentregime pe muzica sa solo, explic\u00e2nd: \u201e\u00cen trecut, am fost oarecum capabil s\u0103 echilibrez lucrul la muzica mea, singur, cu activit\u0103\u021bile noastre de grup, dar acum nu le pot face \u00een acela\u0219i timp. Nu pot s\u0103 fac activit\u0103\u021bi de grup \u0219i apoi s\u0103 ac\u021bionez un comutator \u0219i s\u0103 schimb totul pentru a m\u0103 concentra pe propria mea munc\u0103. Mi-am dat seama c\u0103 \u00eentr-adev\u0103r am nevoie de ceva timp pe cont propriu.\u201d<\/p>\n\n\n\n<p>V \u0219i-a amintit: \u201eJ-Hope mi-a spus asta \u00eenainte: \u201eCu to\u021bii ne putem concentra cu adev\u0103rat pe activit\u0103\u021bile noastre solo deocamdat\u0103, iar apoi ne vom \u00eentoarce \u00eempreun\u0103 ca grup, acea sinergie va fi ca a nim\u0103nui altcuiva. Va fi mai bine dec\u00e2t \u00eenainte.\u201d Jimin a spus: \u201eCa s\u0103 fiu sincer, J-Hope a vorbit mult despre acest gen de lucruri\u201d.<\/p>\n\n\n\n<p>Jin a mai spus: \u201eF\u0103c\u00e2nd activit\u0103\u021bi de grup at\u00e2t de mult timp \u2013 a\u0219a cum a\u021bi men\u021bionat mai devreme, am \u00eenceput s\u0103 simt c\u0103 am devenit o ma\u0219in\u0103rie. Am propriile mele hobby-uri \u0219i lucruri pe care vreau s\u0103 le fac singur.\u201d<\/p>\n\n\n\n<p>RM a continuat: \u201eC\u00e2nd oamenii aud numele grupului nostru, ei spun: \u201eOh, wow, BTS\u201d. Dar, sincer, oamenii nu \u0219tiu cu adev\u0103rat cine este fiecare dintre membri. Din moment ce suntem c\u00e2nt\u0103re\u021bi, cred c\u0103 ar fi cel mai de impact pentru noi s\u0103 ar\u0103t\u0103m [cine suntem] prin muzica \u0219i spectacolele noastre. Deci, de acum \u00eencolo, vom lansa albume [solo] \u00een loc de mixtape.\u201d<\/p>\n\n\n\n<p>J-Hope a ad\u0103ugat mai t\u00e2rziu: \u201eLe-am spus asta de multe ori celorlal\u021bi membri, dar cred c\u0103 trebuie s\u0103 petrecem ceva timp separat pentru a \u00eenv\u0103\u021ba cum s\u0103 ne unim din nou. Cred c\u0103 acest moment este foarte important, a\u0219a c\u0103 sper c\u0103 nu vede\u021bi asta doar \u00eentr-o lumin\u0103 negativ\u0103.\u201d<\/p>\n\n\n\n<p>Suga a subliniat: \u201eNu este ca \u0219i cum ne-am destr\u0103ma\u201d.<\/p>\n\n\n\n<figure class=\"wp-block-image size-large\"><a href=\"https:\/\/www.saranghanguk.ro\/wp-content\/uploads\/2022\/06\/bts-31.jpg\"><img loading=\"lazy\" width=\"1024\" height=\"570\" src=\"https:\/\/www.saranghanguk.ro\/wp-content\/uploads\/2022\/06\/bts-31-1024x570.jpg\" alt=\"\" class=\"wp-image-23549\" srcset=\"https:\/\/www.saranghanguk.ro\/wp-content\/uploads\/2022\/06\/bts-31-1024x570.jpg 1024w, https:\/\/www.saranghanguk.ro\/wp-content\/uploads\/2022\/06\/bts-31-300x167.jpg 300w, https:\/\/www.saranghanguk.ro\/wp-content\/uploads\/2022\/06\/bts-31-768x428.jpg 768w, https:\/\/www.saranghanguk.ro\/wp-content\/uploads\/2022\/06\/bts-31-335x187.jpg 335w, https:\/\/www.saranghanguk.ro\/wp-content\/uploads\/2022\/06\/bts-31-1050x585.jpg 1050w, https:\/\/www.saranghanguk.ro\/wp-content\/uploads\/2022\/06\/bts-31.jpg 1440w\" sizes=\"(max-width: 1024px) 100vw, 1024px\" \/><\/a><\/figure>\n\n\n\n<p>Totu\u0219i, \u00eentr-un articol publicat de <a href=\"https:\/\/apnews.com\/article\/entertainment-music-35fbd8a289cbeefcc553e0711f158cb8\" data-type=\"URL\" data-id=\"https:\/\/apnews.com\/article\/entertainment-music-35fbd8a289cbeefcc553e0711f158cb8\">APNews<\/a>, compania a \u021binut s\u0103 clarifice anumite detalii legate de cele spuse de b\u0103ie\u021bi \u00een \u00eenregistrarea publicat\u0103. \u00cen anun\u021b se precizeaz\u0103 c\u0103 \u201chiatus\u201d a fost doar ca traducere \u00een subtitrarea \u00een limba englez\u0103, dar c\u0103 de fapt BTS nu vor intra \u00eentr-o perioad\u0103 de pauz\u0103 nedeterminat\u0103. Membri vor lucra \u00een continuare la proiecte ca grup, doar c\u0103 se vor axa mai mult pe activit\u0103\u021bile individuale.<\/p>\n\n\n\n<p>S\u0103pt\u0103m\u00e2na trecut\u0103, BTS a revenit cu mult a\u0219teptatul album antologic \u201eProof\u201d \u0219i piesa de titlu \u201eYet to Come (The Most Beautiful Moment)\u201d.<\/p>\n\n\n\n<p>Urm\u0103ri\u021bi aici \u00eentreaga \u00eenregistrare cu BTS vorbind despre preocup\u0103rile lor ca arti\u0219ti, dar \u0219i ca oameni:<\/p>\n\n\n\n<figure class=\"wp-block-embed is-type-video is-provider-youtube wp-block-embed-youtube wp-embed-aspect-16-9 wp-has-aspect-ratio\"><div class=\"wp-block-embed__wrapper\">\n<iframe loading=\"lazy\" title=\"BTS (\ubc29\ud0c4\uc18c\ub144\ub2e8) \u2018\ucc10 \ubc29\ud0c4\ud68c\uc2dd\u2019 #2022BTSFESTA\" width=\"960\" height=\"540\" src=\"https:\/\/www.youtube.com\/embed\/1t0iJ7F_k9Q?feature=oembed\" frameborder=\"0\" allow=\"accelerometer; autoplay; clipboard-write; encrypted-media; gyroscope; picture-in-picture\" allowfullscreen><\/iframe>\n<\/div><\/figure>\n","protected":false},"excerpt":{"rendered":"<p>BTS a anun\u021bat c\u0103 vor lua o pauz\u0103 de la activit\u0103\u021bile de grup pentru a se concentra pe carierele lor..<\/p>\n","protected":false},"author":9,"featured_media":23550,"comment_status":"open","ping_status":"open","sticky":false,"template":"","format":"standard","meta":[],"categories":[17],"tags":[],"_links":{"self":[{"href":"https:\/\/www.saranghanguk.ro\/index.php\/wp-json\/wp\/v2\/posts\/23545"}],"collection":[{"href":"https:\/\/www.saranghanguk.ro\/index.php\/wp-json\/wp\/v2\/posts"}],"about":[{"href":"https:\/\/www.saranghanguk.ro\/index.php\/wp-json\/wp\/v2\/types\/post"}],"author":[{"embeddable":true,"href":"https:\/\/www.saranghanguk.ro\/index.php\/wp-json\/wp\/v2\/users\/9"}],"replies":[{"embeddable":true,"href":"https:\/\/www.saranghanguk.ro\/index.php\/wp-json\/wp\/v2\/comments?post=23545"}],"version-history":[{"count":3,"href":"https:\/\/www.saranghanguk.ro\/index.php\/wp-json\/wp\/v2\/posts\/23545\/revisions"}],"predecessor-version":[{"id":23551,"href":"https:\/\/www.saranghanguk.ro\/index.php\/wp-json\/wp\/v2\/posts\/23545\/revisions\/23551"}],"wp:featuredmedia":[{"embeddable":true,"href":"https:\/\/www.saranghanguk.ro\/index.php\/wp-json\/wp\/v2\/media\/23550"}],"wp:attachment":[{"href":"https:\/\/www.saranghanguk.ro\/index.php\/wp-json\/wp\/v2\/media?parent=23545"}],"wp:term":[{"taxonomy":"category","embeddable":true,"href":"https:\/\/www.saranghanguk.ro\/index.php\/wp-json\/wp\/v2\/categories?post=23545"},{"taxonomy":"post_tag","embeddable":true,"href":"https:\/\/www.saranghanguk.ro\/index.php\/wp-json\/wp\/v2\/tags?post=23545"}],"curies":[{"name":"wp","href":"https:\/\/api.w.org\/{rel}","templated":true}]}}