{"id":23565,"date":"2022-06-16T10:53:05","date_gmt":"2022-06-16T07:53:05","guid":{"rendered":"https:\/\/www.saranghanguk.ro\/?p=23565"},"modified":"2022-06-16T10:56:48","modified_gmt":"2022-06-16T07:56:48","slug":"jungkook-si-namjoon-din-bts-isi-linistesc-fanii-si-clarifica-neintelegerile-aparute-in-presa-legate-de-pauza-grupului","status":"publish","type":"post","link":"https:\/\/www.saranghanguk.ro\/index.php\/2022\/06\/16\/jungkook-si-namjoon-din-bts-isi-linistesc-fanii-si-clarifica-neintelegerile-aparute-in-presa-legate-de-pauza-grupului\/","title":{"rendered":"Jungkook \u0219i Namjoon din BTS \u00ee\u0219i lini\u0219tesc fanii \u0219i clarific\u0103 ne\u00een\u021belegerile ap\u0103rute \u00een pres\u0103, legate de &#8220;pauza&#8221; grupului"},"content":{"rendered":"\n<p>Pe 14 iunie, la doar o zi dup\u0103 aniversarea de 9 ani de la debutul grupului, timpul p\u0103rea c\u0103 s-a oprit \u00een loc pentru ARMY (denumirea fanilor grupului BTS).<\/p>\n\n\n\n<p>Ca parte din Festa, a fost lansat\u0103 o filmare de o or\u0103, \u00een care b\u0103ie\u021bii s-au adunat pentru a lua cina \u00eempreun\u0103 \u0219i pentru a comunica deschis cu fanii lor. Pe r\u00e2nd, fiecare dintre ei a vorbit nostalgic, cu sinceritate, despre parcursul lui ca membru BTS, cel mai cunoscut \u0219i aclamat grup al momentului. Dup\u0103 glume, r\u00e2sete \u0219i rememorarea unor \u00eent\u00e2mpl\u0103ri de la \u00eenceputul carierei lor, ace\u0219tia au atins un subiect sensibil atunci c\u00e2nd au imp\u0103rt\u0103\u0219it fanilor dorin\u021bele \u0219i speran\u021bele lor pentru viitor. Ei au precizat c\u0103 vor s\u0103 \u00eenceap\u0103 un nou capitol, \u00een care s\u0103 se concentreze mai mult pe carierele lor solo. Dup\u0103 aproape zece ani de activitate sub form\u0103 de grup, b\u0103ie\u021bii \u00ee\u0219i doresc s\u0103 evolueze \u0219i s\u0103 se dezvolte \u0219i pe cont propriu, ca arti\u0219ti.<\/p>\n\n\n\n<figure class=\"wp-block-embed is-type-video is-provider-youtube wp-block-embed-youtube wp-embed-aspect-16-9 wp-has-aspect-ratio\"><div class=\"wp-block-embed__wrapper\">\n<iframe loading=\"lazy\" title=\"BTS (\ubc29\ud0c4\uc18c\ub144\ub2e8) \u2018\ucc10 \ubc29\ud0c4\ud68c\uc2dd\u2019 #2022BTSFESTA\" width=\"960\" height=\"540\" src=\"https:\/\/www.youtube.com\/embed\/1t0iJ7F_k9Q?feature=oembed\" frameborder=\"0\" allow=\"accelerometer; autoplay; clipboard-write; encrypted-media; gyroscope; picture-in-picture\" allowfullscreen><\/iframe>\n<\/div><\/figure>\n\n\n\n<p>La \u00eenceput, dup\u0103 aflarea acestei ve\u0219ti, fanii de pretutindeni \u0219i-au creat cele mai negre scenarii. Iar jurnali\u0219tii din \u00eentreaga lume au profitat de temerile fanilor \u0219i au publicat articole peste articole, care vorbeau despre \u201chiatus\u201d (pauz\u0103 pe o perioad\u0103 nedeterminat\u0103), destr\u0103marea grupului \u0219i anun\u021bau chiar c\u0103 \u201cBTS IS OVER!\u201d (\u201cGata cu BTS!\u201d). Asta de\u0219i SUGA (Yoongi), a precizat clar \u00een filmare c\u0103 NU se pune problema ca grupul s\u0103 se destrame.<\/p>\n\n\n\n<p>Mai mult, la c\u00e2teva ore dup\u0103 ce \u0219tirea a f\u0103cut \u00eenconjurul lumii, compania a anun\u021bat prin intermediul unui <a href=\"https:\/\/apnews.com\/article\/entertainment-music-35fbd8a289cbeefcc553e0711f158cb8\" data-type=\"URL\" data-id=\"https:\/\/apnews.com\/article\/entertainment-music-35fbd8a289cbeefcc553e0711f158cb8\">comunicat<\/a> c\u0103 ne\u00een\u021belegerea legat\u0103 de \u201chiatus\u201d-ul grupului este, de fapt, o gre\u0219eal\u0103 de traducere din limba coreean\u0103 \u00een limba englez\u0103. B\u0103ie\u021bii nu au folosit deloc acest termen \u00een timp ce vorbeau despre decizia lor. Au precizat doar c\u0103 se vor axa mai mult pe carierele solo. Nicidecum c\u0103 BTS \u00ee\u0219i va \u00eenceta activit\u0103\u021bile ca grup.<\/p>\n\n\n\n<p>V\u0103z\u00e2nd isteria creat\u0103 \u00een jurul acestui subiect, primul dintre membrii care \u0219i-a dorit s\u0103 clarifice lucrurile a fost Jungkook. A doua zi, el a intrat live pe aplica\u021bia Vlive, pentru a-i lini\u0219ti pe fani \u0219i a-i asigura c\u0103 grupul nu se destram\u0103. Transmisiunea lui s-a intitulat chiar \u201c<a href=\"https:\/\/www.vlive.tv\/post\/0-29524996\" data-type=\"URL\" data-id=\"https:\/\/www.vlive.tv\/post\/0-29524996\">Ce se \u00eent\u00e2mpl\u0103?<\/a>\u201d.<\/p>\n\n\n\n<p><em>\u201cM-am trezit ast\u0103zi \u0219i am constatat c\u0103 lucrurile au luat-o razna. Despre noi, BTS, c\u0103 am luat o pauz\u0103 \u0219i grupul se destram\u0103. Am considerat c\u0103 trebuie s\u0103 clarific aceste lucruri, a\u0219a c\u0103 am pornit live-ul. Mai avem multe de f\u0103cut ca grup. Scopul Cinei BTS a fost de a v\u0103 spune planurile noastre de viitor \u00eentr-un mod destins, \u00eentr-un cadru confortabil. Vom face activit\u0103\u021bi solo, dar nu este ca \u0219i cum nu avem activit\u0103\u021bi ca BTS. Sunt sigur c\u0103 aceia dintre voi care a\u021bi urm\u0103rit Cina BTS ar \u0219ti asta, dar oamenii care nu au v\u0103zut (filmarea n.r.), \u00eenc\u0103 pot avea ne\u00een\u021belegeri. A\u0219a c\u0103 a\u0219 vrea s\u0103 v\u0103 spun din nou c\u0103 nu ne vom desfiin\u021ba. Mai avem mult de lucru ca grup. \u0218i vom avea mai multe lucr\u0103ri ca grup, rezervate \u00een viitor. A\u0219a c\u0103 nu trebuie s\u0103 v\u0103 face\u021bi griji. Mi s-a p\u0103rut corect s\u0103 clarific asta o dat\u0103, \u00een cazul \u00een care a\u021bi putea \u00een\u021belege gre\u0219it. BTS pentru totdeauna,\u201d<\/em> a precizat Jungkook \u00een Vlive-ul s\u0103u.<\/p>\n\n\n\n<figure class=\"wp-block-embed is-type-rich is-provider-twitter wp-block-embed-twitter\"><div class=\"wp-block-embed__wrapper\">\n<blockquote class=\"twitter-tweet\" data-width=\"550\" data-dnt=\"true\"><p lang=\"en\" dir=\"ltr\">\ud83d\udc30I woke up today and found that things are going crazy. About us BTS having a hiatus and disbanding. I thought it needs to be corrected so I turned on the live. We still have a lot to do as a group. The purpose of the BTS Dinner was to tell you<a href=\"https:\/\/t.co\/OkZiRnemIY\">pic.twitter.com\/OkZiRnemIY<\/a><\/p>&mdash; eternal summer (@eternalsummerjk) <a href=\"https:\/\/twitter.com\/eternalsummerjk\/status\/1537112051734048768?ref_src=twsrc%5Etfw\">June 15, 2022<\/a><\/blockquote><script async src=\"https:\/\/platform.twitter.com\/widgets.js\" charset=\"utf-8\"><\/script>\n<\/div><\/figure>\n\n\n\n<p>La scurt timp dup\u0103 Vlive-ul lui Jungkook, liderul grupului, RM (Namjoon), a scris o postare lung\u0103 pe Weverse (aplica\u021bia unde arti\u0219tii pot comunica direct cu fanii). Aici, acesta practic a atacat \u00een mod direct presa pentru c\u0103 a r\u0103st\u0103lm\u0103cit cuvintele lor \u0219i a dramatizat \u00eentreaga situa\u021bie, pentru a crea \u0219i mai mult\u0103 confuzie. El a mai precizat \u0219i c\u0103 grupul are \u00eentr-adevar o conexiune special\u0103 cu fanii \u0219i c\u0103 era sigur c\u0103 fanii \u00eei vor \u00een\u021belege \u0219i \u00eei vor sprijini, indiferent de deciziile pe care le iau.<\/p>\n\n\n\n<p><em>\u201cDup\u0103 ce filmarea a fost lansat\u0103, am primit cele mai multe mesaje\/apeluri din ziua \u00een care am debutat. Privind capturile de ecran \u0219i titlurile articolelor, au existat o mul\u021bime de cuvinte cheie provocatoare \u0219i par\u021bial interpretate, cum ar fi \u201edestr\u0103mare\u201d, \u201e\u00eencetarea activit\u0103\u021bii\u201d, \u201edeclara\u021bie\/anun\u021b\u201d etc&#8230; Nu este ceva la care nu ne a\u0219teptam \u0219i nici nu era ceva pentru care nu eram preg\u0103ti\u021bi, dar exist\u0103 totu\u0219i un sentiment amar. [\u2026] A fost o m\u0103rturisire pentru to\u021bi fanii no\u0219tri care, \u00een tot acest timp, ne-au oferit acele lucruri speciale f\u0103r\u0103 a c\u0103uta nimic \u00een schimb.&nbsp; Cei care au urm\u0103rit filmarea probabil ar \u0219ti c\u0103, a\u0219a cum sugereaz\u0103 titlul \u201eYet to Come\u201d, ceea ce am vrut s\u0103 spunem sincer a fost c\u0103 acesta nu este sf\u00e2r\u0219itul.&nbsp; V\u0103z\u00e2nd cum doar clipul cu mine pl\u00e2ng\u00e2nd s-a r\u0103sp\u00e2ndit \u00een mod constant, m\u0103 \u00eentreb acum dac\u0103 reac\u021bia mea nu a fost una exagerat\u0103. Curajul de a fi sincer aduce \u00eentotdeauna ne\u00een\u021belegeri inutile \u0219i haos. Haha<\/em><\/p>\n\n\n\n<p><em>Ce vreau s\u0103 spun este c\u0103 nu am vorbit aiurea, f\u0103r\u0103 sens. Am vrut s\u0103 \u00eemp\u0103rt\u0103\u0219im toate emo\u021biile care au existat \u00een acest proces cu curaj \u0219i lacrimi. Nu am nicio \u00eendoial\u0103 c\u0103 ARMY care ne cunosc ne vor \u00een\u021belege pe deplin. [\u2026] Mul\u021bumim tuturor celor care au urm\u0103rit filmarea, transmi\u021b\u00e2ndu-ne sprijinul lor sincer, iubire \u0219i energie, fie de departe sau de aproape. Vom munci din greu pentru a v\u0103 ar\u0103ta tuturor partea noastr\u0103 bun\u0103, at\u00e2t ca echip\u0103, c\u00e2t \u0219i personal. Mul\u021bumesc,\u201d<\/em> a scris Namjoon.<\/p>\n\n\n\n<figure class=\"wp-block-image size-full\"><a href=\"https:\/\/www.saranghanguk.ro\/wp-content\/uploads\/2022\/06\/nj.png\"><img loading=\"lazy\" width=\"783\" height=\"618\" src=\"https:\/\/www.saranghanguk.ro\/wp-content\/uploads\/2022\/06\/nj.png\" alt=\"\" class=\"wp-image-23581\" srcset=\"https:\/\/www.saranghanguk.ro\/wp-content\/uploads\/2022\/06\/nj.png 783w, https:\/\/www.saranghanguk.ro\/wp-content\/uploads\/2022\/06\/nj-300x237.png 300w, https:\/\/www.saranghanguk.ro\/wp-content\/uploads\/2022\/06\/nj-768x606.png 768w, https:\/\/www.saranghanguk.ro\/wp-content\/uploads\/2022\/06\/nj-335x264.png 335w\" sizes=\"(max-width: 783px) 100vw, 783px\" \/><\/a><\/figure>\n\n\n\n<figure class=\"wp-block-image size-large is-resized\"><a href=\"https:\/\/www.saranghanguk.ro\/wp-content\/uploads\/2022\/06\/fvt9qijuuaacztl-1.jpg\"><img loading=\"lazy\" src=\"https:\/\/www.saranghanguk.ro\/wp-content\/uploads\/2022\/06\/fvt9qijuuaacztl-1-865x1024.jpg\" alt=\"\" class=\"wp-image-23582\" width=\"840\" height=\"994\" srcset=\"https:\/\/www.saranghanguk.ro\/wp-content\/uploads\/2022\/06\/fvt9qijuuaacztl-1-865x1024.jpg 865w, https:\/\/www.saranghanguk.ro\/wp-content\/uploads\/2022\/06\/fvt9qijuuaacztl-1-254x300.jpg 254w, https:\/\/www.saranghanguk.ro\/wp-content\/uploads\/2022\/06\/fvt9qijuuaacztl-1-768x909.jpg 768w, https:\/\/www.saranghanguk.ro\/wp-content\/uploads\/2022\/06\/fvt9qijuuaacztl-1-335x396.jpg 335w, https:\/\/www.saranghanguk.ro\/wp-content\/uploads\/2022\/06\/fvt9qijuuaacztl-1-1050x1242.jpg 1050w, https:\/\/www.saranghanguk.ro\/wp-content\/uploads\/2022\/06\/fvt9qijuuaacztl-1.jpg 1119w\" sizes=\"(max-width: 840px) 100vw, 840px\" \/><\/a><figcaption>Traducere \u00een limba englez\u0103 de <a href=\"https:\/\/twitter.com\/BOMHARU1230\/status\/1537131838866526208\" data-type=\"URL\" data-id=\"https:\/\/twitter.com\/BOMHARU1230\/status\/1537131838866526208\">BOMHARU1230<\/a><\/figcaption><\/figure>\n\n\n\n<p>Recent, BTS a revenit cu mult a\u0219teptatul album antologic \u201eProof\u201d \u0219i piesa de titlu \u201eYet to Come (The Most Beautiful Moment)\u201d.<\/p>\n\n\n\n<figure class=\"wp-block-embed is-type-video is-provider-youtube wp-block-embed-youtube wp-embed-aspect-16-9 wp-has-aspect-ratio\"><div class=\"wp-block-embed__wrapper\">\n<iframe loading=\"lazy\" title=\"BTS (\ubc29\ud0c4\uc18c\ub144\ub2e8) &#039;Yet To Come (The Most Beautiful Moment)&#039; Official MV\" width=\"960\" height=\"540\" src=\"https:\/\/www.youtube.com\/embed\/kXpOEzNZ8hQ?feature=oembed\" frameborder=\"0\" allow=\"accelerometer; autoplay; clipboard-write; encrypted-media; gyroscope; picture-in-picture\" allowfullscreen><\/iframe>\n<\/div><\/figure>\n","protected":false},"excerpt":{"rendered":"<p>Pe 14 iunie, la doar o zi dup\u0103 aniversarea de 9 ani de la debutul grupului, timpul p\u0103rea c\u0103 s-a..<\/p>\n","protected":false},"author":9,"featured_media":23585,"comment_status":"open","ping_status":"open","sticky":false,"template":"","format":"standard","meta":[],"categories":[17],"tags":[],"_links":{"self":[{"href":"https:\/\/www.saranghanguk.ro\/index.php\/wp-json\/wp\/v2\/posts\/23565"}],"collection":[{"href":"https:\/\/www.saranghanguk.ro\/index.php\/wp-json\/wp\/v2\/posts"}],"about":[{"href":"https:\/\/www.saranghanguk.ro\/index.php\/wp-json\/wp\/v2\/types\/post"}],"author":[{"embeddable":true,"href":"https:\/\/www.saranghanguk.ro\/index.php\/wp-json\/wp\/v2\/users\/9"}],"replies":[{"embeddable":true,"href":"https:\/\/www.saranghanguk.ro\/index.php\/wp-json\/wp\/v2\/comments?post=23565"}],"version-history":[{"count":20,"href":"https:\/\/www.saranghanguk.ro\/index.php\/wp-json\/wp\/v2\/posts\/23565\/revisions"}],"predecessor-version":[{"id":23592,"href":"https:\/\/www.saranghanguk.ro\/index.php\/wp-json\/wp\/v2\/posts\/23565\/revisions\/23592"}],"wp:featuredmedia":[{"embeddable":true,"href":"https:\/\/www.saranghanguk.ro\/index.php\/wp-json\/wp\/v2\/media\/23585"}],"wp:attachment":[{"href":"https:\/\/www.saranghanguk.ro\/index.php\/wp-json\/wp\/v2\/media?parent=23565"}],"wp:term":[{"taxonomy":"category","embeddable":true,"href":"https:\/\/www.saranghanguk.ro\/index.php\/wp-json\/wp\/v2\/categories?post=23565"},{"taxonomy":"post_tag","embeddable":true,"href":"https:\/\/www.saranghanguk.ro\/index.php\/wp-json\/wp\/v2\/tags?post=23565"}],"curies":[{"name":"wp","href":"https:\/\/api.w.org\/{rel}","templated":true}]}}