{"id":26225,"date":"2023-05-11T20:59:07","date_gmt":"2023-05-11T17:59:07","guid":{"rendered":"https:\/\/www.saranghanguk.ro\/?p=26225"},"modified":"2023-05-11T20:59:09","modified_gmt":"2023-05-11T17:59:09","slug":"relatiile-dintre-romania-si-coreea-de-sud-tot-mai-stranse-nicoale-ciuca-un-institut-cultural-roman-va-fi-deschis-in-curand-la-seul","status":"publish","type":"post","link":"https:\/\/www.saranghanguk.ro\/index.php\/2023\/05\/11\/relatiile-dintre-romania-si-coreea-de-sud-tot-mai-stranse-nicoale-ciuca-un-institut-cultural-roman-va-fi-deschis-in-curand-la-seul\/","title":{"rendered":"Rela\u021biile dintre Rom\u00e2nia \u0219i Coreea de Sud, tot mai str\u00e2nse. Nicoale Ciuc\u0103: Un institut cultural rom\u00e2n va fi deschis \u00een cur\u00e2nd la Seul"},"content":{"rendered":"\n<p>Premierul Nicolae Ciuc\u0103 a anun\u021bat, miercuri, c\u0103 un institut cultural rom\u00e2n va fi deschis \u00een cur\u00e2nd la Seul, dar c\u0103 se fac demersuri \u015fi privind un birou de \u015ftiin\u0163\u0103 \u015fi tehnologie. Preciz\u0103rile au fost f\u0103cute dup\u0103 ce \u0219eful guvernului rom\u00e2n l-a primit la Palatul Victoria, pe omologul sud-coreean, Han Duck-Soo, relateaz\u0103 Agerpres.<\/p>\n\n\n\n<p>Premierul a declarat c\u0103 discu\u0163iile au vizat o foaie de parcurs asupra aspectelor convenite \u00een decembrie 2022, c\u00e2nd a fost stabilit\u0103 o agend\u0103 de colaborare ministerial\u0103 \u015fi sectorial\u0103, \u00een marja parteneriatului strategic semnat \u00een urm\u0103 cu 15 ani.<\/p>\n\n\n\n<p>&#8220;Am stabilit s\u0103 continu\u0103m identificarea oportunit\u0103\u0163ilor \u015fi folosirea \u00eentregului poten\u0163ial \u00een sectoare precum energia regenerabil\u0103, infrastructura, digitalizarea \u015fi energie nuclear\u0103, precum \u015fi deschiderea unui birou de \u015ftiin\u0163\u0103 \u015fi tehnologie la Seul, concomitent cu continuarea demersurilor pentru deschiderea unui alt punct de referin\u0163\u0103 \u00een rela\u0163iile culturale dintre Rom\u00e2nia \u015fi Coreea de Sud, \u015fi anume un institut cultural rom\u00e2n la Seul. Domnul ministru Aurescu a confirmat derularea procedurilor, ca atare vom avea c\u00e2t mai cur\u00e2nd un institut deschis la ambasada noastr\u0103 de la Seul&#8221;, a spus Ciuc\u0103.<\/p>\n\n\n<div class=\"wp-block-image\">\n<figure class=\"aligncenter size-full\"><a href=\"https:\/\/www.saranghanguk.ro\/wp-content\/uploads\/2023\/05\/hop.jpg\"><img loading=\"lazy\" width=\"980\" height=\"653\" src=\"https:\/\/www.saranghanguk.ro\/wp-content\/uploads\/2023\/05\/hop.jpg\" alt=\"\" class=\"wp-image-26227\" srcset=\"https:\/\/www.saranghanguk.ro\/wp-content\/uploads\/2023\/05\/hop.jpg 980w, https:\/\/www.saranghanguk.ro\/wp-content\/uploads\/2023\/05\/hop-300x200.jpg 300w, https:\/\/www.saranghanguk.ro\/wp-content\/uploads\/2023\/05\/hop-768x512.jpg 768w, https:\/\/www.saranghanguk.ro\/wp-content\/uploads\/2023\/05\/hop-335x223.jpg 335w\" sizes=\"(max-width: 980px) 100vw, 980px\" \/><\/a><\/figure><\/div>\n\n\n<p>\u0218eful Guvernului a subliniat relevan\u0163a rela\u0163iilor economice bilaterale, men\u0163ion\u00e2nd c\u0103 &#8220;exist\u0103 oportunit\u0103\u0163i foarte bune&#8221; pentru dezvoltarea acestora.<\/p>\n\n\n\n<p><strong><em>\u00cen cadrul discu\u0163iilor a fost abordat \u015fi subiectul ader\u0103rii Rom\u00e2niei la OECD, iar Coreea de Sud \u015fi-a exprimat sus\u0163inerea fa\u0163\u0103 de \u0163ara noastr\u0103.<\/em><\/strong><\/p>\n\n\n\n<p>Cei doi premieri au discutat, de asemenea, despre situa\u0163ia de securitate \u00een regiunea M\u0103rii Negre \u015fi din zona indo-pacific\u0103.<\/p>\n\n\n\n<p>&#8220;A fost subliniat\u0103 relevan\u0163a strategiei pentru Indo-Pacific a Coreei de Sud \u015fi \u00eemp\u0103rt\u0103\u015fim \u00eentru totul ceea ce \u00eenseamn\u0103 o coordonare la nivel interna\u0163ional, chiar dac\u0103 la distan\u0163\u0103 at\u00e2t de mare, pe aspectele care vizeaz\u0103 mediul de securitate&#8221;, a mai spus premierul Ciuc\u0103.\u00a0<\/p>\n","protected":false},"excerpt":{"rendered":"<p>Premierul Nicolae Ciuc\u0103 a anun\u021bat, miercuri, c\u0103 un institut cultural rom\u00e2n va fi deschis \u00een cur\u00e2nd la Seul, dar c\u0103..<\/p>\n","protected":false},"author":2,"featured_media":26226,"comment_status":"open","ping_status":"open","sticky":false,"template":"","format":"standard","meta":[],"categories":[17],"tags":[5622,5629,5626,5623,59,5624],"_links":{"self":[{"href":"https:\/\/www.saranghanguk.ro\/index.php\/wp-json\/wp\/v2\/posts\/26225"}],"collection":[{"href":"https:\/\/www.saranghanguk.ro\/index.php\/wp-json\/wp\/v2\/posts"}],"about":[{"href":"https:\/\/www.saranghanguk.ro\/index.php\/wp-json\/wp\/v2\/types\/post"}],"author":[{"embeddable":true,"href":"https:\/\/www.saranghanguk.ro\/index.php\/wp-json\/wp\/v2\/users\/2"}],"replies":[{"embeddable":true,"href":"https:\/\/www.saranghanguk.ro\/index.php\/wp-json\/wp\/v2\/comments?post=26225"}],"version-history":[{"count":1,"href":"https:\/\/www.saranghanguk.ro\/index.php\/wp-json\/wp\/v2\/posts\/26225\/revisions"}],"predecessor-version":[{"id":26228,"href":"https:\/\/www.saranghanguk.ro\/index.php\/wp-json\/wp\/v2\/posts\/26225\/revisions\/26228"}],"wp:featuredmedia":[{"embeddable":true,"href":"https:\/\/www.saranghanguk.ro\/index.php\/wp-json\/wp\/v2\/media\/26226"}],"wp:attachment":[{"href":"https:\/\/www.saranghanguk.ro\/index.php\/wp-json\/wp\/v2\/media?parent=26225"}],"wp:term":[{"taxonomy":"category","embeddable":true,"href":"https:\/\/www.saranghanguk.ro\/index.php\/wp-json\/wp\/v2\/categories?post=26225"},{"taxonomy":"post_tag","embeddable":true,"href":"https:\/\/www.saranghanguk.ro\/index.php\/wp-json\/wp\/v2\/tags?post=26225"}],"curies":[{"name":"wp","href":"https:\/\/api.w.org\/{rel}","templated":true}]}}