{"id":27559,"date":"2023-09-15T10:39:08","date_gmt":"2023-09-15T07:39:08","guid":{"rendered":"https:\/\/www.saranghanguk.ro\/?p=27559"},"modified":"2023-09-15T10:39:11","modified_gmt":"2023-09-15T07:39:11","slug":"son-heung-min-noul-ambasador-calvin-klein-in-coreea","status":"publish","type":"post","link":"https:\/\/www.saranghanguk.ro\/index.php\/2023\/09\/15\/son-heung-min-noul-ambasador-calvin-klein-in-coreea\/","title":{"rendered":"Son Heung Min, noul Ambasador Calvin Klein in Coreea"},"content":{"rendered":"\n<p>Pe 12 septembrie, Calvin Klein a anun\u021bat c\u0103 marca va prezenta o colec\u021bie intitulat\u0103 Son Heung-min, creat\u0103 \u00een colaborare cu ambasadorul m\u0103rcii Son Heung-min, exclusiv \u00een Coreea.<\/p>\n\n\n\n<p>Potrivit brandului, colec\u021bia este compus\u0103 din opt stiluri esen\u021biale Calvin Klein selectate de acesta. Silueta are o croial\u0103 relaxat\u0103 \u0219i detalii de cus\u0103turi de contur care o fac at\u00e2t confortabil\u0103, c\u00e2t \u0219i elegant\u0103.<\/p>\n\n\n\n<p>Pe baza albului, a negrului \u0219i a griului, movul decolorat \u0219i albastrul profund au fost selectate ca fiind culori de baza pentru aceast\u0103 colec\u021bie. Fiecare dintre modele este marcat de o interpretare grafic\u0103 a num\u0103rului 7, semn\u0103tura lui Son Heung-min, \u0219i a logo-ului clasic Calvin Klein.<\/p>\n\n\n\n<figure class=\"wp-container-2 wp-block-gallery-1 wp-block-gallery has-nested-images columns-default is-cropped\">\n<figure class=\"wp-block-image size-full\"><a href=\"http:\/\/www.saranghanguk.ro\/wp-content\/uploads\/2023\/09\/img_0459-1.jpeg\"><img loading=\"lazy\" width=\"653\" height=\"676\" data-id=\"27562\"  src=\"http:\/\/www.saranghanguk.ro\/wp-content\/uploads\/2023\/09\/img_0459-1.jpeg\" alt=\"\" class=\"wp-image-27562\" srcset=\"https:\/\/www.saranghanguk.ro\/wp-content\/uploads\/2023\/09\/img_0459-1.jpeg 653w, https:\/\/www.saranghanguk.ro\/wp-content\/uploads\/2023\/09\/img_0459-1-290x300.jpeg 290w, https:\/\/www.saranghanguk.ro\/wp-content\/uploads\/2023\/09\/img_0459-1-335x347.jpeg 335w\" sizes=\"(max-width: 653px) 100vw, 653px\" \/><\/a><\/figure>\n<\/figure>\n\n\n\n<p>Son Heung-min a declarat: &#8220;De c\u00e2nd m-am al\u0103turat echipei Calvin Klein anul trecut, am fost m\u00e2ndru s\u0103 ar\u0103t o alt\u0103 fa\u021b\u0103 a mea fanilor din \u00eentreaga lume. Faptul c\u0103 am o colaborare cu Calvin Klein \u00eemi permite s\u0103 \u00eemi prezint stilul personal \u00eentr-un mod nou. Cred c\u0103 a fost o oportunitate bun\u0103. A fost o experien\u021b\u0103 grozav\u0103 s\u0103 colaborez cu echipa Calvin Klein pentru a \u00eencorpora identitatea mea \u00een sport \u0219i mod\u0103 \u00een produse \u0219i sper ca fanii mei s\u0103 se simt\u0103 la fel de \u00eencrez\u0103tori ca \u0219i mine atunci c\u00e2nd poart\u0103 aceste produse.&#8221;<\/p>\n\n\n\n<p>Campania, filmat\u0103 de Kim Hee-jun, se concentreaz\u0103 pe detaliile articolelor din colec\u021bie \u0219i surprinde carisma lui Son Heung-min. Dup\u0103 cum a declarat brandul, videoclipul campaniei arat\u0103 spiritul s\u0103u sportiv prin mi\u0219c\u0103ri dinamice. <\/p>\n\n\n\n<figure class=\"wp-container-4 wp-block-gallery-3 wp-block-gallery has-nested-images columns-default is-cropped\">\n<figure class=\"wp-block-image size-large\"><a href=\"https:\/\/www.saranghanguk.ro\/wp-content\/uploads\/2023\/09\/img_0461.jpeg\"><img loading=\"lazy\" width=\"968\" height=\"1024\" data-id=\"27561\"  src=\"https:\/\/www.saranghanguk.ro\/wp-content\/uploads\/2023\/09\/img_0461-968x1024.jpeg\" alt=\"\" class=\"wp-image-27561\" srcset=\"https:\/\/www.saranghanguk.ro\/wp-content\/uploads\/2023\/09\/img_0461-968x1024.jpeg 968w, https:\/\/www.saranghanguk.ro\/wp-content\/uploads\/2023\/09\/img_0461-284x300.jpeg 284w, https:\/\/www.saranghanguk.ro\/wp-content\/uploads\/2023\/09\/img_0461-768x812.jpeg 768w, https:\/\/www.saranghanguk.ro\/wp-content\/uploads\/2023\/09\/img_0461-335x354.jpeg 335w, https:\/\/www.saranghanguk.ro\/wp-content\/uploads\/2023\/09\/img_0461-1050x1111.jpeg 1050w, https:\/\/www.saranghanguk.ro\/wp-content\/uploads\/2023\/09\/img_0461.jpeg 1248w\" sizes=\"(max-width: 968px) 100vw, 968px\" \/><\/a><\/figure>\n<\/figure>\n\n\n\n<p>Campania, care demonstreaz\u0103 \u00eencrederea sa \u00een sport, a fost lansat\u0103 pe 12 septembrie, iar colec\u021bia capsul\u0103 va fi disponibil\u0103 online \u0219i la magazinul pop-up The Hyundai Seoul \u00eentre 14 \u0219i 20 septembrie.<\/p>\n\n\n\n<p>Sursa: Dispatch<\/p>\n\n\n\n<p><\/p>\n","protected":false},"excerpt":{"rendered":"<p>Pe 12 septembrie, Calvin Klein a anun\u021bat c\u0103 marca va prezenta o colec\u021bie intitulat\u0103 Son Heung-min, creat\u0103 \u00een colaborare cu..<\/p>\n","protected":false},"author":13,"featured_media":27562,"comment_status":"open","ping_status":"open","sticky":false,"template":"","format":"standard","meta":[],"categories":[23,251,17],"tags":[5574,8,4406,5463],"_links":{"self":[{"href":"https:\/\/www.saranghanguk.ro\/index.php\/wp-json\/wp\/v2\/posts\/27559"}],"collection":[{"href":"https:\/\/www.saranghanguk.ro\/index.php\/wp-json\/wp\/v2\/posts"}],"about":[{"href":"https:\/\/www.saranghanguk.ro\/index.php\/wp-json\/wp\/v2\/types\/post"}],"author":[{"embeddable":true,"href":"https:\/\/www.saranghanguk.ro\/index.php\/wp-json\/wp\/v2\/users\/13"}],"replies":[{"embeddable":true,"href":"https:\/\/www.saranghanguk.ro\/index.php\/wp-json\/wp\/v2\/comments?post=27559"}],"version-history":[{"count":4,"href":"https:\/\/www.saranghanguk.ro\/index.php\/wp-json\/wp\/v2\/posts\/27559\/revisions"}],"predecessor-version":[{"id":27566,"href":"https:\/\/www.saranghanguk.ro\/index.php\/wp-json\/wp\/v2\/posts\/27559\/revisions\/27566"}],"wp:featuredmedia":[{"embeddable":true,"href":"https:\/\/www.saranghanguk.ro\/index.php\/wp-json\/wp\/v2\/media\/27562"}],"wp:attachment":[{"href":"https:\/\/www.saranghanguk.ro\/index.php\/wp-json\/wp\/v2\/media?parent=27559"}],"wp:term":[{"taxonomy":"category","embeddable":true,"href":"https:\/\/www.saranghanguk.ro\/index.php\/wp-json\/wp\/v2\/categories?post=27559"},{"taxonomy":"post_tag","embeddable":true,"href":"https:\/\/www.saranghanguk.ro\/index.php\/wp-json\/wp\/v2\/tags?post=27559"}],"curies":[{"name":"wp","href":"https:\/\/api.w.org\/{rel}","templated":true}]}}