{"id":28009,"date":"2023-12-11T16:02:35","date_gmt":"2023-12-11T13:02:35","guid":{"rendered":"https:\/\/www.saranghanguk.ro\/?p=28009"},"modified":"2023-12-11T16:02:38","modified_gmt":"2023-12-11T13:02:38","slug":"bts-v-rm-jimin-si-jungkook-inrolarea-in-armata","status":"publish","type":"post","link":"https:\/\/www.saranghanguk.ro\/index.php\/2023\/12\/11\/bts-v-rm-jimin-si-jungkook-inrolarea-in-armata\/","title":{"rendered":"BTS | V, RM, Jimin  \u0219i Jungkook &#8211; \u00eenrolarea \u00een armat\u0103"},"content":{"rendered":"\n<p>Patru membri BTS \u2013 RM, V, Jimin \u0219i Jungkook \u2013 \u00eencep serviciul militar \u00een aceast\u0103 s\u0103pt\u0103m\u00e2n\u0103, al\u0103tur\u00e2ndu-se lui Jin, J-hope \u0219i Suga, care \u00ee\u0219i \u00eendeplinesc deja serviciul obligatoriu. Aceast\u0103 evolu\u021bie marcheaz\u0103 sf\u00e2r\u0219itul dezbaterii de lung\u0103 durat\u0103 cu privire la posibilitatea unei scutiri de serviciul militar pentru BTS \u0219i preg\u0103te\u0219te reuniunea anticipat\u0103 a grupului \u00een 2025.<\/p>\n\n\n\n<figure class=\"wp-container-2 wp-block-gallery-1 wp-block-gallery has-nested-images columns-default is-cropped\">\n<figure class=\"wp-block-image size-large\"><a href=\"https:\/\/www.saranghanguk.ro\/wp-content\/uploads\/2023\/12\/img_9453.jpg\"><img loading=\"lazy\" width=\"835\" height=\"1024\" data-id=\"28011\"  src=\"https:\/\/www.saranghanguk.ro\/wp-content\/uploads\/2023\/12\/img_9453-835x1024.jpg\" alt=\"\" class=\"wp-image-28011\" srcset=\"https:\/\/www.saranghanguk.ro\/wp-content\/uploads\/2023\/12\/img_9453-835x1024.jpg 835w, https:\/\/www.saranghanguk.ro\/wp-content\/uploads\/2023\/12\/img_9453-245x300.jpg 245w, https:\/\/www.saranghanguk.ro\/wp-content\/uploads\/2023\/12\/img_9453-768x942.jpg 768w, https:\/\/www.saranghanguk.ro\/wp-content\/uploads\/2023\/12\/img_9453-335x411.jpg 335w, https:\/\/www.saranghanguk.ro\/wp-content\/uploads\/2023\/12\/img_9453-1050x1288.jpg 1050w, https:\/\/www.saranghanguk.ro\/wp-content\/uploads\/2023\/12\/img_9453.jpg 1170w\" sizes=\"(max-width: 835px) 100vw, 835px\" \/><\/a><figcaption><mark style=\"background-color:rgba(0, 0, 0, 0)\" class=\"has-inline-color has-cyan-bluish-gray-color\">Sursa: Twitter(BTS_twt)<\/mark><\/figcaption><\/figure>\n<\/figure>\n\n\n\n<p>Luni, RM \u0219i V \u0219i-au \u00eenceput serviciul militar la Centrul de preg\u0103tire al armatei Republicii Coreea din Nonsan, provincia Chungcheong de Sud, urm\u00e2nd preg\u0103tire militar\u0103 de baz\u0103 \u00eenainte de a intra \u00een serviciul activ \u00een armat\u0103.<\/p>\n\n\n\n<p>\u00cen mijlocul unei ploi slabe, ceilal\u021bi cinci membri ai BTS s-au adunat \u00een tab\u0103r\u0103 pentru a participa la ceremonia de \u00eenrolare a lui RM \u0219i V. Cei trei membri care deja se aflau \u00een armat\u0103 \u0219i-au f\u0103cut o pauz\u0103 pentru a fi prezen\u021bi, \u00een timp ce Jimin \u0219i Jungkook, care erau programat s\u0103 se \u00eenroleze \u00een ziua urm\u0103toare, s-au al\u0103turat grupului cu aceast\u0103 ocazie.<\/p>\n\n\n\n<p>RM a reflectat asupra ultimul s\u0103u deceniu cu grupul, exprim\u00e2ndu-\u0219i mul\u021bumirea \u0219i recuno\u0219tin\u021ba pe platforma comunit\u0103\u021bii de fani Weverse, duminic\u0103, cu o zi \u00eenainte de \u00eenrolare.<\/p>\n\n\n\n<p>\u201eAm fost foarte fericit s\u0103 tr\u0103iesc ca membru BTS \u00een ultimii 10 ani\u201d, a scris el, spun\u00e2nd c\u0103 sper\u0103 s\u0103 ob\u021bin\u0103 lec\u021bii \u0219i inspira\u021bie din aceast\u0103 experien\u021b\u0103.<\/p>\n\n\n\n<p>V \u0219i-a \u00eemp\u0103rt\u0103\u0219it anticipa\u021bia \u0219i prin Weverse, spun\u00e2nd: \u201eChiar dac\u0103 cei cu care voi merge \u00een armat\u0103 pot fi mai tineri dec\u00e2t mine, cred c\u0103 voi putea \u00eenv\u0103\u021ba lucruri noi\u201d.<\/p>\n\n\n\n<figure class=\"wp-container-4 wp-block-gallery-3 wp-block-gallery has-nested-images columns-default is-cropped\">\n<figure class=\"wp-block-image size-large\"><a href=\"https:\/\/www.saranghanguk.ro\/wp-content\/uploads\/2023\/12\/img_9452-1.jpg\"><img loading=\"lazy\" width=\"1170\" height=\"1169\" data-id=\"28015\"  src=\"https:\/\/www.saranghanguk.ro\/wp-content\/uploads\/2023\/12\/img_9452-1-edited.jpg\" alt=\"\" class=\"wp-image-28015\" srcset=\"https:\/\/www.saranghanguk.ro\/wp-content\/uploads\/2023\/12\/img_9452-1-edited.jpg 1170w, https:\/\/www.saranghanguk.ro\/wp-content\/uploads\/2023\/12\/img_9452-1-edited-300x300.jpg 300w, https:\/\/www.saranghanguk.ro\/wp-content\/uploads\/2023\/12\/img_9452-1-edited-1024x1024.jpg 1024w, https:\/\/www.saranghanguk.ro\/wp-content\/uploads\/2023\/12\/img_9452-1-edited-150x150.jpg 150w, https:\/\/www.saranghanguk.ro\/wp-content\/uploads\/2023\/12\/img_9452-1-edited-768x767.jpg 768w, https:\/\/www.saranghanguk.ro\/wp-content\/uploads\/2023\/12\/img_9452-1-edited-335x335.jpg 335w, https:\/\/www.saranghanguk.ro\/wp-content\/uploads\/2023\/12\/img_9452-1-edited-1050x1049.jpg 1050w\" sizes=\"(max-width: 1170px) 100vw, 1170px\" \/><\/a><figcaption><mark style=\"background-color:rgba(0, 0, 0, 0)\" class=\"has-inline-color has-cyan-bluish-gray-color\">Sursa: mydaily<\/mark><\/figcaption><\/figure>\n<\/figure>\n\n\n\n<p>Cu Jimin \u0219i Jungkook \u00eenrol\u00e2ndu-se mar\u021bi, \u00eentregul grup \u00ee\u0219i finalizeaz\u0103 tranzi\u021bia la serviciul militar.<\/p>\n\n\n\n<p>Cei patru membri urmeaz\u0103 s\u0103 fie elibera\u021bi \u00een iunie 2025.<\/p>\n\n\n\n<p>\u00cen special, BTS a f\u0103cut istorie ca primul grup asiatic care a ajuns \u00een fruntea topului Billboard 200 \u00een 2018. De asemenea, a devenit actul inaugural de K-pop pentru a conduce topul principal, Hot 100, \u00een septembrie 2020. Realiz\u0103rile grupului s-au consolidat \u0219i mai mult atunci c\u00e2nd a c\u00e2\u0219tigat premiul Artistul Anului la American Music Awards (AMA), unul dintre primele trei premii muzicale din S.U.A., \u00een noiembrie a anului urm\u0103tor.<\/p>\n\n\n\n<p>Cu toate acestea, un sondaj realizat de Media Real Research Korea a g\u0103sit opinii variate cu privire la dac\u0103 membrii BTS ar trebui s\u0103-\u0219i \u00eendeplineasc\u0103 sarcinile militare.<\/p>\n\n\n\n<p>Din cei 5.039 de adul\u021bi chestiona\u021bi, 36 la sut\u0103 au considerat c\u0103 acordarea de scutiri este nedreapt\u0103, \u00een timp ce 34,6 la sut\u0103 au considerat-o o form\u0103 de recunoa\u0219tere na\u021bional\u0103 pentru cei care au ridicat recunoa\u0219terea global\u0103 a \u021b\u0103rii.<\/p>\n\n\n\n<p>\u00cen ciuda opiniilor publice variate, membrii BTS \u0219i-au exprimat \u00een mod constant dorin\u021ba de a-\u0219i \u00eendeplini obliga\u021biile militare \u00een calitate de cet\u0103\u021beni coreeni.<\/p>\n\n\n\n<figure class=\"wp-container-6 wp-block-gallery-5 wp-block-gallery has-nested-images columns-default is-cropped\">\n<figure class=\"wp-block-image size-large\"><a href=\"https:\/\/www.saranghanguk.ro\/wp-content\/uploads\/2023\/12\/img_9455.jpg\"><img loading=\"lazy\" width=\"1024\" height=\"644\" data-id=\"28016\"  src=\"https:\/\/www.saranghanguk.ro\/wp-content\/uploads\/2023\/12\/img_9455-1024x644.jpg\" alt=\"\" class=\"wp-image-28016\" srcset=\"https:\/\/www.saranghanguk.ro\/wp-content\/uploads\/2023\/12\/img_9455-1024x644.jpg 1024w, https:\/\/www.saranghanguk.ro\/wp-content\/uploads\/2023\/12\/img_9455-300x189.jpg 300w, https:\/\/www.saranghanguk.ro\/wp-content\/uploads\/2023\/12\/img_9455-768x483.jpg 768w, https:\/\/www.saranghanguk.ro\/wp-content\/uploads\/2023\/12\/img_9455-335x211.jpg 335w, https:\/\/www.saranghanguk.ro\/wp-content\/uploads\/2023\/12\/img_9455-1050x661.jpg 1050w, https:\/\/www.saranghanguk.ro\/wp-content\/uploads\/2023\/12\/img_9455.jpg 1170w\" sizes=\"(max-width: 1024px) 100vw, 1024px\" \/><\/a><figcaption><mark style=\"background-color:rgba(0, 0, 0, 0)\" class=\"has-inline-color has-cyan-bluish-gray-color\">Sursa: Twitter<\/mark><\/figcaption><\/figure>\n<\/figure>\n\n\n\n<p>Jin a spus odat\u0103 la un eveniment de pres\u0103: \u201e\u00cen calitate de b\u0103rbat coreean, cred c\u0103 serviciul militar este o responsabilitate natural\u0103. Dac\u0103 \u021bara sun\u0103, voi r\u0103spunde oric\u00e2nd. Discu\u021bi frecvent despre asta cu membrii \u0219i m\u0103 angajez s\u0103 r\u0103spund. la toate cerin\u021bele serviciului militar\u201d.<\/p>\n","protected":false},"excerpt":{"rendered":"<p>Patru membri BTS \u2013 RM, V, Jimin \u0219i Jungkook \u2013 \u00eencep serviciul militar \u00een aceast\u0103 s\u0103pt\u0103m\u00e2n\u0103, al\u0103tur\u00e2ndu-se lui Jin, J-hope..<\/p>\n","protected":false},"author":16,"featured_media":28010,"comment_status":"open","ping_status":"open","sticky":false,"template":"","format":"standard","meta":[],"categories":[251],"tags":[300,51,8,656],"_links":{"self":[{"href":"https:\/\/www.saranghanguk.ro\/index.php\/wp-json\/wp\/v2\/posts\/28009"}],"collection":[{"href":"https:\/\/www.saranghanguk.ro\/index.php\/wp-json\/wp\/v2\/posts"}],"about":[{"href":"https:\/\/www.saranghanguk.ro\/index.php\/wp-json\/wp\/v2\/types\/post"}],"author":[{"embeddable":true,"href":"https:\/\/www.saranghanguk.ro\/index.php\/wp-json\/wp\/v2\/users\/16"}],"replies":[{"embeddable":true,"href":"https:\/\/www.saranghanguk.ro\/index.php\/wp-json\/wp\/v2\/comments?post=28009"}],"version-history":[{"count":2,"href":"https:\/\/www.saranghanguk.ro\/index.php\/wp-json\/wp\/v2\/posts\/28009\/revisions"}],"predecessor-version":[{"id":28018,"href":"https:\/\/www.saranghanguk.ro\/index.php\/wp-json\/wp\/v2\/posts\/28009\/revisions\/28018"}],"wp:featuredmedia":[{"embeddable":true,"href":"https:\/\/www.saranghanguk.ro\/index.php\/wp-json\/wp\/v2\/media\/28010"}],"wp:attachment":[{"href":"https:\/\/www.saranghanguk.ro\/index.php\/wp-json\/wp\/v2\/media?parent=28009"}],"wp:term":[{"taxonomy":"category","embeddable":true,"href":"https:\/\/www.saranghanguk.ro\/index.php\/wp-json\/wp\/v2\/categories?post=28009"},{"taxonomy":"post_tag","embeddable":true,"href":"https:\/\/www.saranghanguk.ro\/index.php\/wp-json\/wp\/v2\/tags?post=28009"}],"curies":[{"name":"wp","href":"https:\/\/api.w.org\/{rel}","templated":true}]}}