{"id":29200,"date":"2024-04-02T21:29:24","date_gmt":"2024-04-02T18:29:24","guid":{"rendered":"https:\/\/www.saranghanguk.ro\/?p=29200"},"modified":"2024-04-02T21:29:26","modified_gmt":"2024-04-02T18:29:26","slug":"timp-de-1-an-si-jumatate-ne-luam-la-revedere-de-la-song-kang-actorul-pleaca-in-armata-mesaj-emotionant-pentru-fanii-sai","status":"publish","type":"post","link":"https:\/\/www.saranghanguk.ro\/index.php\/2024\/04\/02\/timp-de-1-an-si-jumatate-ne-luam-la-revedere-de-la-song-kang-actorul-pleaca-in-armata-mesaj-emotionant-pentru-fanii-sai\/","title":{"rendered":"Timp de 1 an \u0219i jum\u0103tate ne lu\u0103m la revedere de la Song Kang: actorul pleac\u0103 \u00een armat\u0103. Mesaj emo\u021bionant pentru fanii s\u0103i"},"content":{"rendered":"\n<p>Dup\u0103 membrii trupei BTS \u0219i actori de seam\u0103, iat\u0103 c\u0103 un alt frumu\u0219el &#8220;ne p\u0103r\u0103se\u0219te&#8221; zilele astea. Mai exact,a sosit \u00een cele din urm\u0103 ziua c\u00e2nd actorul sud-coreean Song Kang intr\u0103 \u00een armat\u0103.<\/p>\n\n\n\n<p>Starul popularului serial Netflix &#8220;Sweet Home&#8221; \u00ee\u0219i \u00eencepe serviciul militar obligatoriu ast\u0103zi, 2 aprilie, dar nu \u00eenainte de a-\u0219i lua r\u0103mas bun de la fanii s\u0103i.<\/p>\n\n\n\n<p>\u00cen plus, fanii &#8220;Sweet Home&#8221; trebuie s\u0103 \u0219tie \u00eenc\u0103 de la bun \u00eenceput c\u0103 \u00eendeplinirea atribu\u021biilor conforme serviciului militar de c\u0103tre actorul \u00een v\u00e2rst\u0103 de 29 de ani nu va afecta lansarea celui de-al treilea sezon al serialului, care este de a\u0219teptat s\u0103 apar\u0103 pe ecrane \u00een vara acestui an. Este \u00eens\u0103 trist de \u0219tiut c\u0103 actorul nu va fi disponibil pentru a \u00eencepe lucrurile pentru Sweet Home sezonul 3.<\/p>\n\n\n\n<p>Un mesaj de r\u0103mas-bun foarte emo\u021bionant: &#8220;\u00cen sf\u00e2r\u0219it plec&#8221;<\/p>\n\n\n\n<p>Ieri, starul Sweet Home a scris o scrisoare emo\u021bionant\u0103 fanilor s\u0103i, \u00een care le-a mul\u021bumit pentru sprijinul ne\u00eentrerupt. El \u0219i-a exprimat, de asemenea, recuno\u0219tin\u021ba fa\u021b\u0103 de fani pentru c\u0103 au f\u0103cut ca perioada v\u00e2rstei de 20 de ani s\u0103 fie mai special\u0103, cu multe amintiri frumoase \u00eempreun\u0103 de la zile de na\u0219tere, \u00eent\u00e2lniri cu fanii \u0219i alte ocazii. Chiar dac\u0103 nu va fi cu ei o vreme, timpul va trece repede, spune Song Kang.<\/p>\n\n\n\n<p>\u201eSper s\u0103 v\u0103 re\u00eent\u00e2lnesc cu o inim\u0103 recunosc\u0103toare \u0219i s\u0103n\u0103toas\u0103. C\u00e2nd va veni timpul, s\u0103 ne \u00eent\u00e2lnim cu fe\u021be vesele\u201d.<\/p>\n\n\n\n<p>Actorul a ad\u0103ugat c\u0103 dore\u0219te s\u0103 foloseasc\u0103 pe deplin anul \u0219i jum\u0103tate pe care-l va petrece \u00een armat\u0103, unul dintre obiectiveele sale fiind s\u0103 \u00eenve\u021be o nou\u0103 limb\u0103. \u201eSper c\u0103 Songpyeon-ul nostru va avea, de asemenea, un timp semnificativ realiz\u00e2nd ceea ce v-a\u021bi propus \u0219i reg\u0103sindu-v\u0103 \u00een acea perioad\u0103.\u201d<\/p>\n\n\n\n<p>Song Kang a \u00eemp\u0103rt\u0103\u0219it ce a vrut s\u0103 spun\u0103 c\u00e2nd a folosit expresia \u201eSongpyeon\u201d, ar\u0103t\u00e2nd c\u0103 \u201eSong\u201d vine de la Song Kang \u0219i \u201ePyeon\u2019 pentru fani. El a promis tuturor c\u0103 se va \u00eentoarce \u00een siguran\u021b\u0103 \u0219i cu bucurie. \u201eV\u0103 iubesc, Songpyeon! Mereu&#8221;.<\/p>\n\n\n\n<p>Sursa: songkang_b \/ Instagram<\/p>\n\n\n\n<p>*** \u00cen mod normal, Songpyeon (coreean\u0103: \uc1a1\ud3b8) este o m\u00e2ncare tradi\u021bional\u0103 coreean\u0103 f\u0103cut\u0103 din pudr\u0103 de orez. Forma sa seam\u0103n\u0103 cu o jum\u0103tate de lun\u0103 \u0219i este o pr\u0103jitur\u0103 de orez reprezentativ\u0103 a s\u0103rb\u0103torilor coreene \u0219i a culturii tradi\u021bionale. \u00cen fapt, vorbim despre un tip de tteok &#8211; se folosesc pr\u0103jituri mici de orez \u0219i o varietate de umpluturi &#8211; unele includ pasta de fasole ro\u0219ie, semin\u021be de susan pr\u0103jite \u0219i castane.<\/p>\n\n\n\n<p>Songpyeon este m\u00e2ncat \u00een mod tradi\u021bional \u00een timpul festivalului coreean al recoltei de toamn\u0103, cunoscut sub numele de Chuseok, fiind adesea preg\u0103tit de familii acas\u0103. Este un simbol popular al culturii tradi\u021bionale coreene. Cele mai vechi \u00eenregistr\u0103ri despre songpyeon dateaz\u0103 din perioada Goryeo.<\/p>\n","protected":false},"excerpt":{"rendered":"<p>Dup\u0103 membrii trupei BTS \u0219i actori de seam\u0103, iat\u0103 c\u0103 un alt frumu\u0219el &#8220;ne p\u0103r\u0103se\u0219te&#8221; zilele astea. Mai exact,a sosit..<\/p>\n","protected":false},"author":2,"featured_media":29196,"comment_status":"open","ping_status":"open","sticky":false,"template":"","format":"standard","meta":[],"categories":[17],"tags":[5987,5988,5390,3373],"_links":{"self":[{"href":"https:\/\/www.saranghanguk.ro\/index.php\/wp-json\/wp\/v2\/posts\/29200"}],"collection":[{"href":"https:\/\/www.saranghanguk.ro\/index.php\/wp-json\/wp\/v2\/posts"}],"about":[{"href":"https:\/\/www.saranghanguk.ro\/index.php\/wp-json\/wp\/v2\/types\/post"}],"author":[{"embeddable":true,"href":"https:\/\/www.saranghanguk.ro\/index.php\/wp-json\/wp\/v2\/users\/2"}],"replies":[{"embeddable":true,"href":"https:\/\/www.saranghanguk.ro\/index.php\/wp-json\/wp\/v2\/comments?post=29200"}],"version-history":[{"count":1,"href":"https:\/\/www.saranghanguk.ro\/index.php\/wp-json\/wp\/v2\/posts\/29200\/revisions"}],"predecessor-version":[{"id":29201,"href":"https:\/\/www.saranghanguk.ro\/index.php\/wp-json\/wp\/v2\/posts\/29200\/revisions\/29201"}],"wp:featuredmedia":[{"embeddable":true,"href":"https:\/\/www.saranghanguk.ro\/index.php\/wp-json\/wp\/v2\/media\/29196"}],"wp:attachment":[{"href":"https:\/\/www.saranghanguk.ro\/index.php\/wp-json\/wp\/v2\/media?parent=29200"}],"wp:term":[{"taxonomy":"category","embeddable":true,"href":"https:\/\/www.saranghanguk.ro\/index.php\/wp-json\/wp\/v2\/categories?post=29200"},{"taxonomy":"post_tag","embeddable":true,"href":"https:\/\/www.saranghanguk.ro\/index.php\/wp-json\/wp\/v2\/tags?post=29200"}],"curies":[{"name":"wp","href":"https:\/\/api.w.org\/{rel}","templated":true}]}}