{"id":29825,"date":"2024-07-04T20:06:31","date_gmt":"2024-07-04T17:06:31","guid":{"rendered":"https:\/\/www.saranghanguk.ro\/?p=29825"},"modified":"2024-07-05T13:21:21","modified_gmt":"2024-07-05T10:21:21","slug":"actorul-ji-soo-debuteaza-in-seria-filipineza-black-rider","status":"publish","type":"post","link":"https:\/\/www.saranghanguk.ro\/index.php\/2024\/07\/04\/actorul-ji-soo-debuteaza-in-seria-filipineza-black-rider\/","title":{"rendered":"Actorul Ji Soo debuteaz\u0103 \u00een seria filipinez\u0103 &#8220;Black Rider&#8221;"},"content":{"rendered":"<p style=\"text-align: justify;\">\u00a0V\u0103 era dor de Ji Soo? Ei bine am aflat o veste despre el \u0219i era cazul s\u0103 o dau mai departe.<\/p>\n<p style=\"text-align: justify;\">Actorul coreean <strong>Kim Ji Soo<\/strong> cunoscut dup\u0103 apari\u021biile sale \u00een dramele de succes <em><strong>\u201cMoon Lovers: Scarlet Heart Ryeo\u201d<\/strong><\/em> \u0219i <em><strong>\u201cStrong Girl Bong-soon\u201d<\/strong><\/em> a fost ales s\u0103 apar\u0103 \u00een distribu\u021bia seriei filipineze plin\u0103 de ac\u021biune numit\u0103 <em><strong>&#8220;Black Rider&#8221;<\/strong><\/em>.<\/p>\n<p id=\"tw-target-text\" class=\"tw-data-text tw-text-large tw-ta\" dir=\"ltr\" style=\"text-align: justify;\" data-placeholder=\"Translation\" aria-label=\"Translated text\" data-ved=\"2ahUKEwjLi-Geno2HAxXFAtsEHfQsCPIQ3ewLegQIBxAU\"><span class=\"Y2IQFc\" lang=\"ro\"><strong>&#8220;Black Rider\u201d<\/strong> este cea mai recent\u0103 serie a GMA Public Affairs. Seria de ac\u021biune complet\u0103 \u00eemplete\u0219te elemente de eroism, r\u0103zbunare, dreptate \u0219i dram\u0103 de familie \u00eentr-o nara\u021biune conving\u0103toare realizat\u0103 la o scar\u0103 cinematografic\u0103, ce a \u00eenceput difuzarea primelor episoade\u00a0 \u00een 2023.\u00a0<\/span><\/p>\n<div style=\"width: 470px\" class=\"wp-caption aligncenter\"><img loading=\"lazy\" class=\"\" src=\"https:\/\/aphrodite.gmanetwork.com\/imagefiles\/600\/1699262451_2088678202_11_ent.jpg\" alt=\"Ruru Madrid, inaalay ang 'Black Rider' sa mga nagtataguyod ng kanilang pamilya | GMA Entertainment\" width=\"460\" height=\"574\" \/><p class=\"wp-caption-text\">Foto: Un poster oficial al seriei Black Rider \/GMANetwork<\/p><\/div>\n<p style=\"text-align: justify;\">Anun\u021bul oficial cu noile apari\u021bii a fost f\u0103cut de reprezentan\u021bii companiei de produc\u021bie GMA Network, la finalul lunii iunie, pe pagina de Instagram. <span class=\"Y2IQFc\" lang=\"ro\">Mai multe detalii despre personajul pe care <strong>Ji Soo<\/strong> \u00eel interpreteaz\u0103 nu au fost dezv\u0103luite imediat, dar un teaser al episodului <strong>&#8220;Black Rider\u201d<\/strong> \u00een care apare actorul coreean \u00eel arat\u0103 ca un om foarte priceput \u00een a folosi o arm\u0103.<\/span><\/p>\n<p>\u00cen videoclip, el antreneaz\u0103 personajul lui <strong>Yassi Pressman<\/strong>, Vannessa,\u00a0 \u00een film\u0103ri \u0219i mai t\u00e2rziu se implic\u0103 \u00eentr-o confruntare cu rolul lui Jon Lucas, ei \u00eendrept\u00e2ndu-se cu armele unul spre cel\u0103lalt.<\/p>\n<div style=\"width: 679px\" class=\"wp-caption aligncenter\"><img loading=\"lazy\" src=\"https:\/\/images.gmanews.tv\/webpics\/2024\/06\/yassi_2024_06_30_11_12_14.jpg\" alt=\"Kim Ji Soo teaches Yassi Pressman how to shoot a gun in BTS photos from 'Black Rider' | GMA News Online\" width=\"669\" height=\"351\" \/><p class=\"wp-caption-text\">Foto: Scenele din primul teaser lansat\/\u00a0 GMANetwork.com<\/p><\/div>\n<p style=\"text-align: justify;\">Dup\u0103 ce anun\u021bul a fost f\u0103cut public, <span class=\"Y2IQFc\" lang=\"ro\"><strong>Ji-Soo<\/strong> a distribuit informa\u021biile prin intermediul paginii sale de Instagram, care are peste 6 milioane de urm\u0103ritori.<\/span><\/p>\n<p style=\"text-align: justify;\">Am aflat c\u0103 seria <strong>\u201cBlack Rider\u201d<\/strong> este foarte apreciat\u0103 de public, va ajunge la final \u00een aceast\u0103 var\u0103 \u0219i a preg\u0103tit publicului surprize. Mai exact se vor introduce noi personaje, printre care se reg\u0103sesc, cum spuneam anterior, actorul coreean <strong>Ji Soo<\/strong> \u0219i str\u0103lucitorul actor \u0219i c\u00e2nt\u0103ret filipinez <strong>Jak Roberto<\/strong>.<\/p>\n<p id=\"tw-target-text\" class=\"tw-data-text tw-text-large tw-ta\" dir=\"ltr\" style=\"text-align: justify;\" data-placeholder=\"Translation\" aria-label=\"Translated text\" data-ved=\"2ahUKEwjLi-Geno2HAxXFAtsEHfQsCPIQ3ewLegQIBxAU\"><span class=\"Y2IQFc\" lang=\"ro\">Jak Roberto \u00eel interpreteaz\u0103 pe Moises, un b\u0103rbat care a crescut pe str\u0103zi. Moises este obi\u0219nuit s\u0103 ia legea \u00een propriile m\u00e2ini \u0219i este gata s\u0103 se apere \u00eentr-o lupt\u0103 cu pumnii dac\u0103 situa\u021bia o impune.<\/span><\/p>\n<div style=\"width: 569px\" class=\"wp-caption aligncenter\"><img loading=\"lazy\" class=\"\" src=\"https:\/\/images.mb.com.ph\/production\/Jak_Roberto_joins_Black_Rider_as_Moises_87c4a97351.jpg\" alt=\"Jak Roberto joins Black Rider as Moises.jpg\" width=\"559\" height=\"699\" \/><p class=\"wp-caption-text\">Foto &#8211; Posterul oficial al seriei cu Jak Roverto\/ ManilaBulletin.com<\/p><\/div>\n<p class=\"tw-data-text tw-text-large tw-ta\" dir=\"ltr\" style=\"text-align: justify;\" data-placeholder=\"Translation\" aria-label=\"Translated text\" data-ved=\"2ahUKEwjLi-Geno2HAxXFAtsEHfQsCPIQ3ewLegQIBxAU\">C\u00e2t despre <strong>Ji Soo<\/strong> am aflat c\u0103<span class=\"Y2IQFc\" lang=\"ro\"> \u00eel interpreteaz\u0103 pe antrenorul de autoap\u0103rare numit Adrian Park, care o va preg\u0103ti pe Vanessa (Yassi Pressman) dup\u0103 ce a aflat c\u0103 via\u021ba ei este \u00een pericol. Se poate aminti c\u0103 Vanessa a fost prezentat\u0103 ca fiica preziden\u021bial\u0103 a pre\u0219edintelui interimar William Romero (Roi Vinzon), potrivit ManilaBulletin.com.\u00a0<\/span><\/p>\n<p id=\"tw-target-text\" class=\"tw-data-text tw-text-large tw-ta\" dir=\"ltr\" data-placeholder=\"Translation\" aria-label=\"Translated text\" data-ved=\"2ahUKEwjLi-Geno2HAxXFAtsEHfQsCPIQ3ewLegQIBxAU\"><span class=\"Y2IQFc\" lang=\"ro\">Totu\u0219i, pe l\u00e2ng\u0103 antrenarea ei, va ajunge Adrian s\u0103 cucereasc\u0103 \u0219i inima Vanessei? R\u0103m\u00e2nem cu aceast\u0103 curiozitate p\u00e2n\u0103 la vizionarea seriei.\u00a0<\/span><\/p>\n<div style=\"width: 561px\" class=\"wp-caption aligncenter\"><img loading=\"lazy\" class=\"\" src=\"https:\/\/images.mb.com.ph\/production\/Kim_Ji_Soo_will_play_Adrian_Park_in_Black_Rider_82af204d7e.jpg\" alt=\"Kim Ji Soo will play Adrian Park in Black Rider.jpg\" width=\"551\" height=\"689\" \/><p class=\"wp-caption-text\">Foto: Posterul oficial al seriei cu Ji Soo\/ Manilabulletin.com<\/p><\/div>\n<p id=\"tw-target-text\" class=\"tw-data-text tw-text-large tw-ta\" dir=\"ltr\" style=\"text-align: justify;\" data-placeholder=\"Translation\" aria-label=\"Translated text\" data-ved=\"2ahUKEwjLi-Geno2HAxXFAtsEHfQsCPIQ3ewLegQIBxAU\"><span class=\"Y2IQFc\" lang=\"ro\">Pe final, vreau s\u0103 v\u0103 aduc aminte c\u0103 aceast\u0103 serie <strong>&#8220;Black Rider\u201d<\/strong> serve\u0219te \u0219i ca revenirea lui <strong>Ji Soo<\/strong> pe micul ecran dup\u0103 pauza de trei ani dup\u0103 scandalul iscat \u00een urma dezv\u0103luirilor de h\u0103r\u021buirea \u0219i \u00eenrolarea sa \u00een serviciul militar obligatoriu al Coreei de Sud \u00een 2021.<\/span><\/p>\n<p id=\"tw-target-text\" class=\"tw-data-text tw-text-large tw-ta\" dir=\"ltr\" style=\"text-align: justify;\" data-placeholder=\"Translation\" aria-label=\"Translated text\" data-ved=\"2ahUKEwjLi-Geno2HAxXFAtsEHfQsCPIQ3ewLegQIBxAU\"><span class=\"Y2IQFc\" lang=\"ro\">Despre acest nou proiect, chiar Ji Soo a oferit niste indicii pe re\u021belele de socializare. Mai exact la sf\u00e2r\u0219itul anului 2023, el a \u00eenc\u0103rcat fotografii pe contul s\u0103u de Instagram cu descrieri care includeau cuv\u00e2ntul \u201eManila\u201d, ceea ce a declan\u0219at specula\u021bii despre planurile sale viitoare de carier\u0103 \u2013 inclusiv debutul pe scena divertismentului filipinez. <\/span><span class=\"Y2IQFc\" lang=\"ro\">Acest zvon a fost alimentat ulterior de apari\u021bia sa ca invitat special la evenimentul SBTown Music Fiesta din Manila \u00een luna aprilie.<\/span><\/p>\n<p dir=\"ltr\" data-placeholder=\"Translation\" aria-label=\"Translated text\" data-ved=\"2ahUKEwjLi-Geno2HAxXFAtsEHfQsCPIQ3ewLegQIBxAU\">Ce spune\u021bi despre aceast\u0103 veste? A\u0219tept\u0103m p\u0103reri \u00een comentarii.<\/p>\n","protected":false},"excerpt":{"rendered":"<p>\u00a0V\u0103 era dor de Ji Soo? Ei bine am aflat o veste despre el \u0219i era cazul s\u0103 o dau..<\/p>\n","protected":false},"author":8,"featured_media":29860,"comment_status":"open","ping_status":"open","sticky":false,"template":"","format":"standard","meta":[],"categories":[17],"tags":[6145,2970,6148,3386,6147,6146],"_links":{"self":[{"href":"https:\/\/www.saranghanguk.ro\/index.php\/wp-json\/wp\/v2\/posts\/29825"}],"collection":[{"href":"https:\/\/www.saranghanguk.ro\/index.php\/wp-json\/wp\/v2\/posts"}],"about":[{"href":"https:\/\/www.saranghanguk.ro\/index.php\/wp-json\/wp\/v2\/types\/post"}],"author":[{"embeddable":true,"href":"https:\/\/www.saranghanguk.ro\/index.php\/wp-json\/wp\/v2\/users\/8"}],"replies":[{"embeddable":true,"href":"https:\/\/www.saranghanguk.ro\/index.php\/wp-json\/wp\/v2\/comments?post=29825"}],"version-history":[{"count":35,"href":"https:\/\/www.saranghanguk.ro\/index.php\/wp-json\/wp\/v2\/posts\/29825\/revisions"}],"predecessor-version":[{"id":29861,"href":"https:\/\/www.saranghanguk.ro\/index.php\/wp-json\/wp\/v2\/posts\/29825\/revisions\/29861"}],"wp:featuredmedia":[{"embeddable":true,"href":"https:\/\/www.saranghanguk.ro\/index.php\/wp-json\/wp\/v2\/media\/29860"}],"wp:attachment":[{"href":"https:\/\/www.saranghanguk.ro\/index.php\/wp-json\/wp\/v2\/media?parent=29825"}],"wp:term":[{"taxonomy":"category","embeddable":true,"href":"https:\/\/www.saranghanguk.ro\/index.php\/wp-json\/wp\/v2\/categories?post=29825"},{"taxonomy":"post_tag","embeddable":true,"href":"https:\/\/www.saranghanguk.ro\/index.php\/wp-json\/wp\/v2\/tags?post=29825"}],"curies":[{"name":"wp","href":"https:\/\/api.w.org\/{rel}","templated":true}]}}