{"id":29923,"date":"2024-07-15T18:45:41","date_gmt":"2024-07-15T15:45:41","guid":{"rendered":"https:\/\/www.saranghanguk.ro\/?p=29923"},"modified":"2024-07-15T18:45:41","modified_gmt":"2024-07-15T15:45:41","slug":"taeyang-de-la-bigbang-va-sustine-primul-sau-concert-solo-in-7-ani","status":"publish","type":"post","link":"https:\/\/www.saranghanguk.ro\/index.php\/2024\/07\/15\/taeyang-de-la-bigbang-va-sustine-primul-sau-concert-solo-in-7-ani\/","title":{"rendered":"Taeyang de la BIGBANG va sus\u021bine primul s\u0103u concert solo \u00een 7 ani!"},"content":{"rendered":"<p>Taeyang de la BIGBANG este preg\u0103tit s\u0103 sus\u021bin\u0103 un concert solo!<\/p>\n<p>Pe 15 iulie, agen\u021bia THEBLACKLABEL a dezv\u0103luit afi\u0219ul evenimentului TAEYANG 2024 \u201eTHE LIGHT YEAR\u201d din Seul pe canalele sale oficiale de socializare, anun\u021b\u00e2nd, totodat\u0103, \u0219i viitorul concert solo al lui Taeyang.<\/p>\n<p>Afi\u0219ul \u00eel prezint\u0103 pe Taeyang privind intens \u00eenainte, st\u00e2rnind anticiparea revenirii artistului cunoscut pentru prezen\u021ba sa unic\u0103.<\/p>\n<p><a href=\"http:\/\/www.saranghanguk.ro\/wp-content\/uploads\/2024\/07\/taeyang-concert.jpg\"><img loading=\"lazy\" class=\"size-large wp-image-29924 aligncenter\" src=\"http:\/\/www.saranghanguk.ro\/wp-content\/uploads\/2024\/07\/taeyang-concert-724x1024.jpg\" alt=\"\" width=\"724\" height=\"1024\" srcset=\"https:\/\/www.saranghanguk.ro\/wp-content\/uploads\/2024\/07\/taeyang-concert-724x1024.jpg 724w, https:\/\/www.saranghanguk.ro\/wp-content\/uploads\/2024\/07\/taeyang-concert-212x300.jpg 212w, https:\/\/www.saranghanguk.ro\/wp-content\/uploads\/2024\/07\/taeyang-concert-768x1086.jpg 768w, https:\/\/www.saranghanguk.ro\/wp-content\/uploads\/2024\/07\/taeyang-concert-1086x1536.jpg 1086w, https:\/\/www.saranghanguk.ro\/wp-content\/uploads\/2024\/07\/taeyang-concert-335x474.jpg 335w, https:\/\/www.saranghanguk.ro\/wp-content\/uploads\/2024\/07\/taeyang-concert-1050x1485.jpg 1050w, https:\/\/www.saranghanguk.ro\/wp-content\/uploads\/2024\/07\/taeyang-concert.jpg 1191w\" sizes=\"(max-width: 724px) 100vw, 724px\" \/><\/a><\/p>\n<p>Acesta marcheaz\u0103, practic, primul concert solo al lui Taeyang \u00een \u0219apte ani din 2017, iar fanii a\u0219teapt\u0103 cu ner\u0103bdare acest moment, av\u00e2nd \u00een vedere palmaresul s\u0103u care cuprinde hituri de succes \u0219i spectacole captivante. Ve\u0219tile bune nu se opresc \u00eens\u0103 aici. Planurile pentru un turneu \u00een Asia, \u00eencep\u00e2nd cu spectacolul de la Seul, sunt, de asemenea, \u00een curs de desf\u0103\u0219urare, sporind entuziasmul \u00een r\u00e2ndul fanilor interna\u021bionali.<\/p>\n<p>Reamintim c\u0103, la \u00eenceputul anului 2023, Taeyang a lansat al doilea EP al s\u0103u intitulat \u201eDown to Earth\u201d, care cuprinde piese precum \u201eVIBE\u201d, \u201eShoong!\u201d \u0219i \u201eSeed\u201d. \u00cen plus, artistul a ap\u0103rut \u00een reality showul \u201eI-LAND 2\u201d distribuit de canalul de televiziune privat\u0103 la Mnet, axat pe muzic\u0103, care s-a \u00eencheiat pe 4 iulie, fiind principalul produc\u0103tor pentru divizia \u00eens\u0103rcinat\u0103 cu selectarea grupului de debut dintre 24 de candida\u021bi. Rolul s\u0103u a atras aten\u021bia prin faptul c\u0103 a oferi at\u00e2t un feedback bl\u00e2nd, c\u00e2t \u0219i unul incisiv.<\/p>\n<p>Concertul solo al lui Taeyang \u201eTHE LIGHT YEAR\u201d va avea loc \u00een dou\u0103 zile diferite, respectiv pe 31 august, la ora 18:00 KST, la Sala Olimpic\u0103 din Seul,\u00a0 \u0219i 1 septembrie la 5 p.m. KST. Evenimentul introduce un nou pachet FAN \u0219i SOUND CHECK EXPERIENCE, oferind fanilor \u0219ansa de a participa la momentul verific\u0103rii sunetului de c\u0103tre artist, beneficiul foto, sesiunea de \u00eentreb\u0103ri \u0219i r\u0103spunsuri \u0219i multe altele. Rezerv\u0103rile de bilete se vor deschide pe Interpark la ora 12:00. KST pe 17 iulie.<\/p>\n","protected":false},"excerpt":{"rendered":"<p>Taeyang de la BIGBANG este preg\u0103tit s\u0103 sus\u021bin\u0103 un concert solo! Pe 15 iulie, agen\u021bia THEBLACKLABEL a dezv\u0103luit afi\u0219ul evenimentului..<\/p>\n","protected":false},"author":2,"featured_media":29932,"comment_status":"open","ping_status":"open","sticky":false,"template":"","format":"standard","meta":[],"categories":[6047],"tags":[4986,637,6171,656,1833,6170,6169],"_links":{"self":[{"href":"https:\/\/www.saranghanguk.ro\/index.php\/wp-json\/wp\/v2\/posts\/29923"}],"collection":[{"href":"https:\/\/www.saranghanguk.ro\/index.php\/wp-json\/wp\/v2\/posts"}],"about":[{"href":"https:\/\/www.saranghanguk.ro\/index.php\/wp-json\/wp\/v2\/types\/post"}],"author":[{"embeddable":true,"href":"https:\/\/www.saranghanguk.ro\/index.php\/wp-json\/wp\/v2\/users\/2"}],"replies":[{"embeddable":true,"href":"https:\/\/www.saranghanguk.ro\/index.php\/wp-json\/wp\/v2\/comments?post=29923"}],"version-history":[{"count":1,"href":"https:\/\/www.saranghanguk.ro\/index.php\/wp-json\/wp\/v2\/posts\/29923\/revisions"}],"predecessor-version":[{"id":29933,"href":"https:\/\/www.saranghanguk.ro\/index.php\/wp-json\/wp\/v2\/posts\/29923\/revisions\/29933"}],"wp:featuredmedia":[{"embeddable":true,"href":"https:\/\/www.saranghanguk.ro\/index.php\/wp-json\/wp\/v2\/media\/29932"}],"wp:attachment":[{"href":"https:\/\/www.saranghanguk.ro\/index.php\/wp-json\/wp\/v2\/media?parent=29923"}],"wp:term":[{"taxonomy":"category","embeddable":true,"href":"https:\/\/www.saranghanguk.ro\/index.php\/wp-json\/wp\/v2\/categories?post=29923"},{"taxonomy":"post_tag","embeddable":true,"href":"https:\/\/www.saranghanguk.ro\/index.php\/wp-json\/wp\/v2\/tags?post=29923"}],"curies":[{"name":"wp","href":"https:\/\/api.w.org\/{rel}","templated":true}]}}