{"id":31787,"date":"2026-01-27T17:01:25","date_gmt":"2026-01-27T14:01:25","guid":{"rendered":"https:\/\/www.saranghanguk.ro\/?p=31787"},"modified":"2026-01-27T17:01:25","modified_gmt":"2026-01-27T14:01:25","slug":"se-min-park-fotbalistul-din-k-league-cu-origini-in-mangalia-mi-ar-placea-sa-imbrac-tricoul-romaniei","status":"publish","type":"post","link":"https:\/\/www.saranghanguk.ro\/index.php\/2026\/01\/27\/se-min-park-fotbalistul-din-k-league-cu-origini-in-mangalia-mi-ar-placea-sa-imbrac-tricoul-romaniei\/","title":{"rendered":"Se-min Park, fotbalistul din K-League cu origini \u00een Mangalia: \u201eMi-ar pl\u0103cea s\u0103 \u00eembrac tricoul Rom\u00e2niei\u201d"},"content":{"rendered":"<p data-path-to-node=\"4\">Fotbalul rom\u00e2nesc descoper\u0103 o nou\u0103 poveste fascinant\u0103 la mii de kilometri dep\u0103rtare. Se-min Park (23 de ani), un t\u00e2n\u0103r talent care evolueaz\u0103 \u00een Coreea de Sud, a atras aten\u021bia scouterilor \u0219i a fanilor rom\u00e2ni dup\u0103 ce detaliile despre originile sale au ie\u0219it la iveal\u0103. Cu o mam\u0103 rom\u00e2nc\u0103 \u0219i un tat\u0103 sud-coreean, extrema st\u00e2ng\u0103 a dezv\u0103luit un am\u0103nunt surprinz\u0103tor: ar fi putut \u00eembr\u0103ca tricoul \u201etricolor\u201d \u00eenc\u0103 de la juniori.<\/p>\n<h3 data-path-to-node=\"5\">O conexiune \u00eentre Mangalia \u0219i Goyang<\/h3>\n<p data-path-to-node=\"6\">N\u0103scut \u00een Coreea de Sud dintr-un tat\u0103 sud-coreean \u0219i o mam\u0103 rom\u00e2nc\u0103, Se-min a crescut \u00eentre dou\u0103 culturi. De\u0219i s-a format sportiv \u00een sistemul universitar coreean, juc\u0103torul a vizitat Rom\u00e2nia \u00een adolescen\u021b\u0103 \u0219i a r\u0103mas cu o impresie puternic\u0103 despre locurile de origine ale familiei sale.<\/p>\n<p data-path-to-node=\"7\">De\u0219i la nivel de juniori nu s-a concretizat o colaborare cu federa\u021bia de la Bucure\u0219ti, Park las\u0103 acum u\u0219a deschis\u0103 pentru o eventual\u0103 convocare: <i data-path-to-node=\"7\" data-index-in-node=\"145\">&#8220;Dac\u0103 a\u0219 avea ocazia, mi-ar pl\u0103cea s\u0103 joc pentru Rom\u00e2nia&#8221;<\/i>, spune fotbalistul care momentan este evaluat la 100.000 de euro.<\/p>\n<h3 data-path-to-node=\"8\">Prietenia cu Ionu\u021b Lu\u021bu<\/h3>\n<p data-path-to-node=\"9\">Un detaliu inedit din biografia juc\u0103torului este rela\u021bia cu Ionu\u021b Lu\u021bu. Pe vremea c\u00e2nd \u201eHagi-Lu\u021bu\u201d f\u0103cea spectacol \u00een Coreea de Sud la Suwon Bluewings, acesta a devenit un apropiat al familiei Park. Astfel, pentru Se-min, fotbalul rom\u00e2nesc nu este doar o no\u021biune abstract\u0103, ci are chipul unuia dintre cei mai talenta\u021bi decari pe care i-a avut Rom\u00e2nia dup\u0103 Revolu\u021bie.<\/p>\n<h3 data-path-to-node=\"10\">Parcursul sportiv: De la prima lig\u0103 la proiectul Siheung City<\/h3>\n<p data-path-to-node=\"11\">Cariera lui Se-min Park este \u00eentr-un moment de tranzi\u021bie important:<\/p>\n<ul data-path-to-node=\"12\">\n<li>\n<p data-path-to-node=\"12,0,0\">A debutat \u00een <b data-path-to-node=\"12,0,0\" data-index-in-node=\"13\">K League 1<\/b> la Daegu FC, bif\u00e2nd astfel contactul cu fotbalul de cel mai \u00eenalt nivel din Asia.<\/p>\n<\/li>\n<li>\n<p data-path-to-node=\"12,1,0\">\u00cen prezent, evolueaz\u0103 pentru <b data-path-to-node=\"12,1,0\" data-index-in-node=\"29\">Siheung City<\/b>, o echip\u0103 care func\u021bioneaz\u0103 ca partener al clubului Atletico Madrid \u00een Coreea.<\/p>\n<\/li>\n<li>\n<p data-path-to-node=\"12,2,0\">Cu <b data-path-to-node=\"12,2,0\" data-index-in-node=\"3\">24 de meciuri<\/b> jucate \u00een ultimul sezon \u0219i o prezen\u021b\u0103 constant\u0103 \u00een primul 11, Park \u00eencearc\u0103 s\u0103 revin\u0103 \u00een prima lig\u0103 sau s\u0103 fac\u0103 pasul spre Europa.<\/p>\n<\/li>\n<\/ul>\n<p data-path-to-node=\"14\">Sursa: Golazo<\/p>\n","protected":false},"excerpt":{"rendered":"<p>Fotbalul rom\u00e2nesc descoper\u0103 o nou\u0103 poveste fascinant\u0103 la mii de kilometri dep\u0103rtare. Se-min Park (23 de ani), un t\u00e2n\u0103r talent..<\/p>\n","protected":false},"author":13,"featured_media":31788,"comment_status":"open","ping_status":"open","sticky":false,"template":"","format":"standard","meta":[],"categories":[6492],"tags":[5429],"_links":{"self":[{"href":"https:\/\/www.saranghanguk.ro\/index.php\/wp-json\/wp\/v2\/posts\/31787"}],"collection":[{"href":"https:\/\/www.saranghanguk.ro\/index.php\/wp-json\/wp\/v2\/posts"}],"about":[{"href":"https:\/\/www.saranghanguk.ro\/index.php\/wp-json\/wp\/v2\/types\/post"}],"author":[{"embeddable":true,"href":"https:\/\/www.saranghanguk.ro\/index.php\/wp-json\/wp\/v2\/users\/13"}],"replies":[{"embeddable":true,"href":"https:\/\/www.saranghanguk.ro\/index.php\/wp-json\/wp\/v2\/comments?post=31787"}],"version-history":[{"count":2,"href":"https:\/\/www.saranghanguk.ro\/index.php\/wp-json\/wp\/v2\/posts\/31787\/revisions"}],"predecessor-version":[{"id":31791,"href":"https:\/\/www.saranghanguk.ro\/index.php\/wp-json\/wp\/v2\/posts\/31787\/revisions\/31791"}],"wp:featuredmedia":[{"embeddable":true,"href":"https:\/\/www.saranghanguk.ro\/index.php\/wp-json\/wp\/v2\/media\/31788"}],"wp:attachment":[{"href":"https:\/\/www.saranghanguk.ro\/index.php\/wp-json\/wp\/v2\/media?parent=31787"}],"wp:term":[{"taxonomy":"category","embeddable":true,"href":"https:\/\/www.saranghanguk.ro\/index.php\/wp-json\/wp\/v2\/categories?post=31787"},{"taxonomy":"post_tag","embeddable":true,"href":"https:\/\/www.saranghanguk.ro\/index.php\/wp-json\/wp\/v2\/tags?post=31787"}],"curies":[{"name":"wp","href":"https:\/\/api.w.org\/{rel}","templated":true}]}}