{"id":3348,"date":"2016-09-28T10:30:25","date_gmt":"2016-09-28T07:30:25","guid":{"rendered":"http:\/\/www.saranghanguk.ro\/?p=3348"},"modified":"2017-05-22T20:13:03","modified_gmt":"2017-05-22T17:13:03","slug":"corpurile-membrilor-echipajului-elicopterului-care-s-prabusit-au-fost-recuperate-de-marina-coreei-de-sud","status":"publish","type":"post","link":"https:\/\/www.saranghanguk.ro\/index.php\/2016\/09\/28\/corpurile-membrilor-echipajului-elicopterului-care-s-prabusit-au-fost-recuperate-de-marina-coreei-de-sud\/","title":{"rendered":"Au fost recuperate corpurile membrilor echipajului elicopterului care s-a prabu\u015fit in Marea de Est"},"content":{"rendered":"<p style=\"text-align: justify;\">Marina Coreei de Sud a recuperat, miercuri (28 septembrie), corpurile celor trei membri ai echipajului care se aflau la bordul unui elicopter care s-a pr\u0103bu\u0219it \u00een mare, \u00een largul coastei de est a \u021b\u0103rii, la \u00eenceputul acestei s\u0103pt\u0103m\u00e2ni.<\/p>\n<p style=\"text-align: justify;\">Serviciul funerar pentru cei trei solda\u021bi mor\u021bi va avea loc la un spitalul militar din Seul duminic\u0103, 2 octombrie. \u0218eful Opera\u0163iunilor maritime (CNO), amiralul Um Hyun-Seong, va prezida serviciul funerar pentru pilo\u021bii Kim Gyeong-min \u0219i Park Yoo-shin si operatorul de zbor Hwang Seong-Cheol.<\/p>\n<p style=\"text-align: justify;\">Potrivit unuei declaratii de presa, Marina \u021b\u0103rii inten\u021bioneaz\u0103 s\u0103 solicite Ministerului Ap\u0103r\u0103rii s\u0103-i promoveze post-mortem, cu un grad, pe to\u021bi cei trei militari deceda\u021bi.<\/p>\n<p style=\"text-align: justify;\">Marina a recuperat corpul pilotului pe 27 septembrie, \u00een jurul orei 6:00 am., corpul co-pilotului la 12:21 am., \u00een primele ore ale dimine\u021bii urm\u0103toare \u0219i corpul celui de-al treilea membru al echipajului la 04:28 am., a declarat un oficial reporterilor. El a spus c\u0103 un vehicul subacvatic ac\u021bionat de la distan\u021b\u0103 a fost utilizat pentru opera\u021biunile de c\u0103utare.<\/p>\n<p style=\"text-align: justify;\"><a href=\"http:\/\/www.saranghanguk.ro\/wp-content\/uploads\/2016\/10\/AEN20160928001552315_01_i.jpg\"><img loading=\"lazy\" class=\"size-medium wp-image-3349 aligncenter\" src=\"http:\/\/www.saranghanguk.ro\/wp-content\/uploads\/2016\/10\/AEN20160928001552315_01_i-300x169.jpg\" alt=\"aen20160928001552315_01_i\" width=\"300\" height=\"169\" srcset=\"https:\/\/www.saranghanguk.ro\/wp-content\/uploads\/2016\/10\/AEN20160928001552315_01_i-300x169.jpg 300w, https:\/\/www.saranghanguk.ro\/wp-content\/uploads\/2016\/10\/AEN20160928001552315_01_i.jpg 500w\" sizes=\"(max-width: 300px) 100vw, 300px\" \/><\/a><\/p>\n<p style=\"text-align: justify;\">Cei trei membrii ai Marinei au disp\u0103rut dup\u0103 ce elicopterul lor anti submarin, Lynx, s-a pr\u0103bu\u0219it \u00een Marea de Est pe 26 septembrie, \u00een jurul orei 21:05, \u00een timpul unui antrenament comun \u00eentre militarii din Coreea de Sud \u0219i cei din Statele Unite ale Americii.<\/p>\n<p style=\"text-align: justify;\">Cercet\u0103rile Marinei cu privire la cauza accidentului fatal se afla \u00eenca \u00een desf\u0103\u015furare, astfel, p\u00e2n\u0103 la \u00eencheierea anchetei, toate cele 20 de elicoptere Lynx sunt \u0163inute la sol.<\/p>\n<p style=\"text-align: justify;\"><strong>Sursa:<\/strong> <a href=\"http:\/\/english.yonhapnews.co.kr\/national\/2016\/09\/28\/0301000000AEN20160928001552315.html\">http:\/\/english.yonhapnews.co.kr\/national\/2016\/09\/28\/0301000000AEN20160928001552315.html<\/a><\/p>\n<p style=\"text-align: justify;\"><strong>Traducere:<em> Corina Stan<\/em><\/strong><\/p>\n","protected":false},"excerpt":{"rendered":"<p>Marina Coreei de Sud a recuperat, miercuri (28 septembrie), corpurile celor trei membri ai echipajului care se aflau la bordul..<\/p>\n","protected":false},"author":2,"featured_media":0,"comment_status":"open","ping_status":"open","sticky":false,"template":"","format":"standard","meta":[],"categories":[17],"tags":[400],"_links":{"self":[{"href":"https:\/\/www.saranghanguk.ro\/index.php\/wp-json\/wp\/v2\/posts\/3348"}],"collection":[{"href":"https:\/\/www.saranghanguk.ro\/index.php\/wp-json\/wp\/v2\/posts"}],"about":[{"href":"https:\/\/www.saranghanguk.ro\/index.php\/wp-json\/wp\/v2\/types\/post"}],"author":[{"embeddable":true,"href":"https:\/\/www.saranghanguk.ro\/index.php\/wp-json\/wp\/v2\/users\/2"}],"replies":[{"embeddable":true,"href":"https:\/\/www.saranghanguk.ro\/index.php\/wp-json\/wp\/v2\/comments?post=3348"}],"version-history":[{"count":2,"href":"https:\/\/www.saranghanguk.ro\/index.php\/wp-json\/wp\/v2\/posts\/3348\/revisions"}],"predecessor-version":[{"id":3351,"href":"https:\/\/www.saranghanguk.ro\/index.php\/wp-json\/wp\/v2\/posts\/3348\/revisions\/3351"}],"wp:attachment":[{"href":"https:\/\/www.saranghanguk.ro\/index.php\/wp-json\/wp\/v2\/media?parent=3348"}],"wp:term":[{"taxonomy":"category","embeddable":true,"href":"https:\/\/www.saranghanguk.ro\/index.php\/wp-json\/wp\/v2\/categories?post=3348"},{"taxonomy":"post_tag","embeddable":true,"href":"https:\/\/www.saranghanguk.ro\/index.php\/wp-json\/wp\/v2\/tags?post=3348"}],"curies":[{"name":"wp","href":"https:\/\/api.w.org\/{rel}","templated":true}]}}