{"id":3676,"date":"2016-10-25T11:00:36","date_gmt":"2016-10-25T08:00:36","guid":{"rendered":"http:\/\/www.saranghanguk.ro\/?p=3676"},"modified":"2016-10-24T21:42:49","modified_gmt":"2016-10-24T18:42:49","slug":"o-bijuterie-artistica-fost-adaugata-gradina-orasului-suncheon","status":"publish","type":"post","link":"https:\/\/www.saranghanguk.ro\/index.php\/2016\/10\/25\/o-bijuterie-artistica-fost-adaugata-gradina-orasului-suncheon\/","title":{"rendered":"O bijuterie artistic\u0103 a fost ad\u0103ugat\u0103 \u00een gradina ora\u015fului Suncheon"},"content":{"rendered":"<p style=\"text-align: justify;\">Ora\u0219ul de pe coasta de sud-vest a Coreei, Suncheon, atrage vizitatorii adaug\u00e2nd caracteristicilor in\u0163iale, acelea de a fi un ora\u015f prietenos ecologic, plin de natur\u0103 virgin\u0103 \u0219i verdea\u021b\u0103, un nou motiv, si anume organizarea \u00een aceast\u0103 toamn\u0103 a primului festival de art\u0103 al mediului eco.<\/p>\n<p style=\"text-align: justify;\">\u00cen cadrul unei conferin\u0163e de pres\u0103, organizatorii au declarat c\u0103 festivalul se va deschide \u00een perioada 18 noiembrie-18 decembrie, sub numele de &#8220;Suncheon Bay International Eco-Environmental Art Festival&#8221; (SEEAF), la National Garden Suncheon Bay. Facut\u0103 de mana omului, enorma gradin\u0103 este folosit\u0103 ca habitat natural pentru mai mult de 500 de specii de arbori \u0219i 113 de soiuri de flori.<\/p>\n<p style=\"text-align: justify;\">Gr\u0103dina de 1.140 de kilometrii patra\u0163i a fost format\u0103 \u00een 2013 pentru a opri dezvoltarea urban\u0103 de la deteriorarea reperelor naturale din Suncheon Bay, de asemenea, un sit Ramsar din 2006. Cu un total de 56 de gr\u0103dini tematice diferite, aceasta a fost desemnat\u0103 ca fiind prima gr\u0103din\u0103 na\u021bional\u0103 a \u021b\u0103rii \u00een 2015.<\/p>\n<p style=\"text-align: justify;\"><a href=\"http:\/\/www.saranghanguk.ro\/wp-content\/uploads\/2016\/10\/AEN20161024006800315_09_i.jpg\"><img loading=\"lazy\" class=\"size-medium wp-image-3677 aligncenter\" src=\"http:\/\/www.saranghanguk.ro\/wp-content\/uploads\/2016\/10\/AEN20161024006800315_09_i-300x225.jpg\" alt=\"aen20161024006800315_09_i\" width=\"300\" height=\"225\" srcset=\"https:\/\/www.saranghanguk.ro\/wp-content\/uploads\/2016\/10\/AEN20161024006800315_09_i-300x225.jpg 300w, https:\/\/www.saranghanguk.ro\/wp-content\/uploads\/2016\/10\/AEN20161024006800315_09_i.jpg 500w\" sizes=\"(max-width: 300px) 100vw, 300px\" \/><\/a><\/p>\n<p style=\"text-align: justify;\">&#8220;Ora\u0219ul Suncheon este deja bine cunoscut pentru eco-diversitate \u0219i o gr\u0103din\u0103 frumoas\u0103. Guvernul ora\u0219ului \u0219i oamenii cred c\u0103 acum este momentul pentru a pune mai mult accent pe cultivarea culturii&#8221;, a declarat Kim Young-Gyu, co-pre\u0219edinte al festivalului. &#8220;Frumoasul tablou al ora\u0219ului va face cu siguranta opera de art\u0103 instalat\u0103 acolo s\u0103 straluceasc\u0103 mai frumos&#8221;, a adaugat acesta.<\/p>\n<p style=\"text-align: justify;\">Organizatorul a invitat 57 de echipe de arti\u0219ti din 24 de \u0163\u0103ri, care vor aduce picturi, instala\u021bii de art\u0103 \u0219i sculpturi \u00een sala de expozi\u021bie interioar\u0103 \u0219i \u00een gr\u0103dina \u00een aer liber, sub tema &#8220;C\u0103l\u0103torie \u00een Paradis.&#8221; Tema \u00een sine este \u00eemp\u0103r\u021bit \u00een trei p\u0103r\u021bi: &#8220;Paradisul pierdut&#8221;, &#8220;Paradisul rec\u00e2\u0219tigat&#8221; \u015fi &#8220;Paradisuri ale lumii&#8221;.<\/p>\n<p style=\"text-align: justify;\">&#8220;Festivalul nu este despre recuperarea naturii, ci despre modul \u00een care se interpreteaz\u0103 natura prin art\u0103 \u00een gr\u0103dina artificial\u0103. De asemenea, ne dorim sa avem un moment pentru a contempla arta ecologic\u0103&#8221;, a declarat directorul artistic Kim Sung-ho.<\/p>\n<p style=\"text-align: justify;\"><a href=\"http:\/\/www.saranghanguk.ro\/wp-content\/uploads\/2016\/10\/AEN20161024006800315_12_i.jpg\"><img loading=\"lazy\" class=\"alignnone size-medium wp-image-3678\" src=\"http:\/\/www.saranghanguk.ro\/wp-content\/uploads\/2016\/10\/AEN20161024006800315_12_i-300x214.jpg\" alt=\"aen20161024006800315_12_i\" width=\"300\" height=\"214\" srcset=\"https:\/\/www.saranghanguk.ro\/wp-content\/uploads\/2016\/10\/AEN20161024006800315_12_i-300x214.jpg 300w, https:\/\/www.saranghanguk.ro\/wp-content\/uploads\/2016\/10\/AEN20161024006800315_12_i.jpg 500w\" sizes=\"(max-width: 300px) 100vw, 300px\" \/><\/a><a href=\"http:\/\/www.saranghanguk.ro\/wp-content\/uploads\/2016\/10\/AEN20161024006800315_11_i.jpg\"><img loading=\"lazy\" class=\"size-medium wp-image-3679 alignright\" src=\"http:\/\/www.saranghanguk.ro\/wp-content\/uploads\/2016\/10\/AEN20161024006800315_11_i-300x169.jpg\" alt=\"aen20161024006800315_11_i\" width=\"300\" height=\"169\" srcset=\"https:\/\/www.saranghanguk.ro\/wp-content\/uploads\/2016\/10\/AEN20161024006800315_11_i-300x169.jpg 300w, https:\/\/www.saranghanguk.ro\/wp-content\/uploads\/2016\/10\/AEN20161024006800315_11_i.jpg 500w\" sizes=\"(max-width: 300px) 100vw, 300px\" \/><\/a><\/p>\n<p style=\"text-align: justify;\">Unele dintre instala\u0163iile de art\u0103 vor fi afi\u0219ate \u00een mod permanent in gr\u0103din\u0103, chiar \u0219i dup\u0103 terminarea festivalului, \u00eentr-un efort de a face din aceasta un loc mai bogat artistic.<\/p>\n<p style=\"text-align: justify;\">Pentru a s\u0103rb\u0103tori Coreea de Sud, instala\u0163ia astistic\u0103 a lui Lee Seung-Taek, &#8220;Giwa Embracing Land&#8221;,\u00a0 va fi una dintre\u00a0 lucrarile prezente la festival. &#8220;Giwa&#8221; reprezint\u0103 \u021bigle de acoperi\u0219 tradi\u021bional coreene. El a construit o structur\u0103 \u00een form\u0103 de piramid\u0103, cu \u021bigle preluate din ora\u0219ul istoric Gyeongju. Aceasta va ar\u0103ta caracteristicile compatibile, armonioase ale arhitecturii coreene, care se \u00eembin\u0103 perfect \u00een natura \u00eenconjur\u0103toare, a spus artistul.<\/p>\n<p style=\"text-align: justify;\">&#8220;Sper ca lucrarea s\u0103 r\u0103m\u00e2n\u0103 acolo pentru totdeauna \u0219i s\u0103 fie un memento al patrimoniului cultural din Coreea&#8221;, a declarat un localnic in varsta de 84 de ani.<\/p>\n<p style=\"text-align: justify;\">Un alt artist celebru \u00a0al instala\u0163iilor artistice coreeane, Kim Ku-Rim, a creat o lucrare de vis, intitulata &#8220;Yin si Yang&#8221;,\u00a0 \u00een gr\u0103dina \u00een aer liber, unde o barc\u0103 de lemn care transport\u0103 o \u00eenc\u0103rc\u0103tur\u0103 de flori plute\u0219te pe placa de inox oglindit\u0103 masiv, care reflect\u0103 cerul \u0219i norii. Reflexia creeaz\u0103 o impresie ca \u0219i cum barca ar zboara \u00een cer, corespunz\u0103toare cu tema cereasc\u0103.<\/p>\n<p style=\"text-align: justify;\">Artistul german Roger Rigorth a creat &#8220;aripi&#8221; pe ap\u0103. Albul \u0219i lumina aripilor f\u00e2lf\u00e2ind u\u0219or \u00een v\u00e2nt simbolizeaz\u0103 &#8220;istoria \u0219i sufletul societ\u0103\u021bii coreene.&#8221;<\/p>\n<p style=\"text-align: justify;\">Lucrarea artistului american Steven Siegel, &#8220;Suncheon Weave&#8221;, este realizat\u0103 din ultima sa serie de h\u00e2rtie care dateaz\u0103 din 1990. Potrivit organizatorilor, stive nesf\u00e2r\u0219ite de ziare sunt menite s\u0103 &#8220;evoce geologia, timpul \u0219i ciclurile naturii.&#8221; Lucrarea este proiectat\u0103 astfel \u00eenc\u00e2t vizitatorii s\u0103 se poat\u0103 plimba \u0219i \u00een interiorul stivelor.<\/p>\n<p style=\"text-align: justify;\"><a href=\"http:\/\/www.saranghanguk.ro\/wp-content\/uploads\/2016\/10\/AEN20161024006800315_13_i.jpg\"><img loading=\"lazy\" class=\"size-medium wp-image-3680 aligncenter\" src=\"http:\/\/www.saranghanguk.ro\/wp-content\/uploads\/2016\/10\/AEN20161024006800315_13_i-300x178.jpg\" alt=\"aen20161024006800315_13_i\" width=\"300\" height=\"178\" srcset=\"https:\/\/www.saranghanguk.ro\/wp-content\/uploads\/2016\/10\/AEN20161024006800315_13_i-300x178.jpg 300w, https:\/\/www.saranghanguk.ro\/wp-content\/uploads\/2016\/10\/AEN20161024006800315_13_i.jpg 500w\" sizes=\"(max-width: 300px) 100vw, 300px\" \/><\/a><\/p>\n<p style=\"text-align: justify;\">Co-pre\u0219edintele Kim a spus\u00a0 c\u0103 ora\u0219ul a preg\u0103tit acest festival de art\u0103 \u00een ultimii ani \u0219i c\u0103 va primi mai mult sprijin financiar \u0219i logistic dac\u0103 acest prim eveniment nu \u00eent\u00e2mpin\u0103 probleme.<\/p>\n<p style=\"text-align: justify;\">&#8220;Anual, 5 p\u00e2n\u0103 la 6 milioane de oameni viziteaz\u0103 ora\u0219ul cu o simpl\u0103 popula\u021bie de 280,000 de localnici pentru a vedea natura \u0219i gr\u0103din\u0103. Este \u00eenc\u0103 prea devreme pentru a anticipa dac\u0103 acest lucru va deveni un eveniment anual, dar suntem cu siguranta optimi\u015fti&#8221;, a spus Kim.<\/p>\n<p style=\"text-align: justify;\">\n<p style=\"text-align: justify;\"><a href=\"http:\/\/www.saranghanguk.ro\/wp-content\/uploads\/2016\/10\/AEN20161024006800315_13_i.jpg\"><img loading=\"lazy\" class=\"alignnone size-medium wp-image-3680\" src=\"http:\/\/www.saranghanguk.ro\/wp-content\/uploads\/2016\/10\/AEN20161024006800315_13_i-300x178.jpg\" alt=\"aen20161024006800315_13_i\" width=\"300\" height=\"178\" srcset=\"https:\/\/www.saranghanguk.ro\/wp-content\/uploads\/2016\/10\/AEN20161024006800315_13_i-300x178.jpg 300w, https:\/\/www.saranghanguk.ro\/wp-content\/uploads\/2016\/10\/AEN20161024006800315_13_i.jpg 500w\" sizes=\"(max-width: 300px) 100vw, 300px\" \/><\/a><a href=\"http:\/\/www.saranghanguk.ro\/wp-content\/uploads\/2016\/10\/AEN20161024006800315_06_i.jpg\"><img loading=\"lazy\" class=\"size-medium wp-image-3681 alignright\" src=\"http:\/\/www.saranghanguk.ro\/wp-content\/uploads\/2016\/10\/AEN20161024006800315_06_i-300x208.jpg\" alt=\"aen20161024006800315_06_i\" width=\"300\" height=\"208\" srcset=\"https:\/\/www.saranghanguk.ro\/wp-content\/uploads\/2016\/10\/AEN20161024006800315_06_i-300x208.jpg 300w, https:\/\/www.saranghanguk.ro\/wp-content\/uploads\/2016\/10\/AEN20161024006800315_06_i.jpg 500w\" sizes=\"(max-width: 300px) 100vw, 300px\" \/><\/a><\/p>\n<p style=\"text-align: justify;\">\n<p style=\"text-align: justify;\"><strong>Sursa:<\/strong> <a href=\"http:\/\/english.yonhapnews.co.kr\/culturesports\/2016\/10\/24\/0701000000AEN20161024006800315.html\">http:\/\/english.yonhapnews.co.kr\/culturesports\/2016\/10\/24\/0701000000AEN20161024006800315.html<\/a><\/p>\n<p style=\"text-align: justify;\"><strong>Traducere: <em>Corina Stan<\/em><\/strong><\/p>\n","protected":false},"excerpt":{"rendered":"<p>Ora\u0219ul de pe coasta de sud-vest a Coreei, Suncheon, atrage vizitatorii adaug\u00e2nd caracteristicilor in\u0163iale, acelea de a fi un ora\u015f..<\/p>\n","protected":false},"author":2,"featured_media":3680,"comment_status":"open","ping_status":"open","sticky":false,"template":"","format":"standard","meta":[],"categories":[185,251],"tags":[136,460,461],"_links":{"self":[{"href":"https:\/\/www.saranghanguk.ro\/index.php\/wp-json\/wp\/v2\/posts\/3676"}],"collection":[{"href":"https:\/\/www.saranghanguk.ro\/index.php\/wp-json\/wp\/v2\/posts"}],"about":[{"href":"https:\/\/www.saranghanguk.ro\/index.php\/wp-json\/wp\/v2\/types\/post"}],"author":[{"embeddable":true,"href":"https:\/\/www.saranghanguk.ro\/index.php\/wp-json\/wp\/v2\/users\/2"}],"replies":[{"embeddable":true,"href":"https:\/\/www.saranghanguk.ro\/index.php\/wp-json\/wp\/v2\/comments?post=3676"}],"version-history":[{"count":1,"href":"https:\/\/www.saranghanguk.ro\/index.php\/wp-json\/wp\/v2\/posts\/3676\/revisions"}],"predecessor-version":[{"id":3682,"href":"https:\/\/www.saranghanguk.ro\/index.php\/wp-json\/wp\/v2\/posts\/3676\/revisions\/3682"}],"wp:featuredmedia":[{"embeddable":true,"href":"https:\/\/www.saranghanguk.ro\/index.php\/wp-json\/wp\/v2\/media\/3680"}],"wp:attachment":[{"href":"https:\/\/www.saranghanguk.ro\/index.php\/wp-json\/wp\/v2\/media?parent=3676"}],"wp:term":[{"taxonomy":"category","embeddable":true,"href":"https:\/\/www.saranghanguk.ro\/index.php\/wp-json\/wp\/v2\/categories?post=3676"},{"taxonomy":"post_tag","embeddable":true,"href":"https:\/\/www.saranghanguk.ro\/index.php\/wp-json\/wp\/v2\/tags?post=3676"}],"curies":[{"name":"wp","href":"https:\/\/api.w.org\/{rel}","templated":true}]}}