{"id":4178,"date":"2016-11-30T16:35:08","date_gmt":"2016-11-30T13:35:08","guid":{"rendered":"http:\/\/www.saranghanguk.ro\/?p=4178"},"modified":"2017-05-22T18:47:26","modified_gmt":"2017-05-22T15:47:26","slug":"opozitia-va-solicita-punerea-sub-acuzare-presedintelui-excluzand-discutiile-de-reduce-mandatul-lui-park","status":"publish","type":"post","link":"https:\/\/www.saranghanguk.ro\/index.php\/2016\/11\/30\/opozitia-va-solicita-punerea-sub-acuzare-presedintelui-excluzand-discutiile-de-reduce-mandatul-lui-park\/","title":{"rendered":"Opozitia va solicita punerea sub acuzare a presedintelui Park, excluzand discutiile de reducere a mandatului"},"content":{"rendered":"<p style=\"text-align: justify;\">Cele trei partide de opozi\u021bie din Coreei de Sud au anuntat, pe 30 noiembrie, ca vor continua s\u0103 fac\u0103 presiuni pentru un vot de propunere privind punerea sub acuzare a pre\u0219edintelui Park Geun-hye \u00een aceast\u0103 s\u0103pt\u0103m\u00e2n\u0103, ad\u0103ug\u00e2nd c\u0103 nu vor purta discu\u021bii cu partidul de guvern\u0103m\u00e2nt de a reduce mandatul lui Park.<\/p>\n<p style=\"text-align: justify;\"><a href=\"http:\/\/www.saranghanguk.ro\/wp-content\/uploads\/2016\/12\/AEN20161130001753315_01_i.jpg\"><img loading=\"lazy\" class=\"wp-image-4179 size-full aligncenter\" src=\"http:\/\/www.saranghanguk.ro\/wp-content\/uploads\/2016\/12\/AEN20161130001753315_01_i.jpg\" alt=\"aen20161130001753315_01_i\" width=\"500\" height=\"292\" srcset=\"https:\/\/www.saranghanguk.ro\/wp-content\/uploads\/2016\/12\/AEN20161130001753315_01_i.jpg 500w, https:\/\/www.saranghanguk.ro\/wp-content\/uploads\/2016\/12\/AEN20161130001753315_01_i-300x175.jpg 300w\" sizes=\"(max-width: 500px) 100vw, 500px\" \/><\/a><\/p>\n<p style=\"text-align: justify;\">Partidele de opozi\u021bie sustin c\u0103 pre\u0219edintele Park trebuie s\u0103 demisioneze imediat \u0219i necondi\u021bionat, solicit\u00e2nd, de asemenea, parlamentarilor din Partidul Saenuri s\u0103 se al\u0103ture propunerii de punere sub acuzare.<\/p>\n<p style=\"text-align: justify;\">Cu o zi inainte, Park declara, in timpul celui de-al treilea discurs public de la izbucnirea scandalului de trafic de influen\u021b\u0103, c\u0103 va demisiona din functie \u00een conformitate cu un calendar \u0219i cu procedurile juridice convenite de c\u0103tre partidele politice.<\/p>\n<p style=\"text-align: justify;\">Dup\u0103 discurs, parlamentarii loiali lui Park din partidul Saenuri au afirmat c\u0103 partidele din opozi\u021bie ar trebui s\u0103 \u00eenceap\u0103 negocierile pentru a aborda\u00a0 aceasta chestiune, subliniind \u00een acela\u0219i timp c\u0103 propunerea de punere sub acuzare pe care cei din Opozi\u021bie urmau sa o solicite vineri ar trebui s\u0103 fie pus\u0103 \u00een a\u0219teptare.<\/p>\n<p style=\"text-align: justify;\">Partidele din opozi\u021bie, care au dat publicitatii\u00a0 o versiune a propunerii de punere sub acuzare cu o zi mai devreme decat era stabilit, raman insa pe pozitie, sustinand c\u0103 vor continua eforturile de a convinge parlamentarii care sunt \u00eempotriva lui Park din Saenuri pentru a \u00eendeplini cerin\u021ba minim\u0103 trecerii propunerii lor in Parlament. Avand in vedere ca partidele din opozi\u021bie \u0219i parlamentarii independen\u021bi reprezint\u0103 doar 172 de locuri \u00een Adunarea Na\u021bional\u0103, din cele 300 de locuri existente, cel pu\u021bin 28 de parlamentari din Saenuri trebuie s\u0103 sprijine motiunea Opozitiei.<\/p>\n<p style=\"text-align: justify;\">Grupul de parlamentari din Saenuri care sus\u021bine\u00a0 \u00eenl\u0103turarea pre\u0219edintelui Park Geun-hye a declarat, pe 29 noiembrie, c\u0103 seful statului trebuie s\u0103 clarifice calendarul ei privind demisia, spun\u00e2nd c\u0103 ar fi potrivit ca ea s\u0103 renun\u021be p\u00e2n\u0103 la sf\u00e2r\u0219itul lunii aprilie. De asemenea, acestia sustin ca exista un num\u0103r suficient de parlamentari pentru a trece mo\u021biunea de punere sub acuzare, condus\u0103 de Opozi\u021bie. &#8220;Existau temeri ca ne-am putea cl\u0103tina dup\u0103 discursul de ieri (29 noiembrie -n.r.) al pre\u0219edintelui, dar am confirmat \u00een \u0219edin\u021ba de ast\u0103zi (30 noiembrie &#8211; n.r.) c\u0103 pozi\u021bia noastr\u0103 a devenit \u0219i mai puternic\u0103&#8221;, a spus Hwang Young-cheul, purt\u0103torul de cuv\u00e2nt al consiliului de urgen\u021b\u0103 al celor \u00eempotriva lui Park, citat de agentia de presa Yonhap. &#8220;Este important ca pre\u0219edintele s\u0103 precizeze \u00een mod clar data demisiei sale pentru a dovedi sinceritatea ei,&#8221; a adaugat Hwang.<\/p>\n<p style=\"text-align: justify;\">Hwang considera c\u0103 cei de la guvernare \u0219i partidele de opozi\u021bie trebuie s\u0103 decid\u0103 cu privire la parcursul lui Park p\u00e2n\u0103 la\u00a0 data de 8 decembrie, ad\u0103ug\u00e2nd c\u0103 grupul din care face parte se va al\u0103tura la votul pentru punerea sub acuzare din 9 decembrie.<\/p>\n<p style=\"text-align: justify;\">\u00centre timp, Chung Jin-suk, liderul partidului Saenuri, a invitat partidele de opozi\u021bie s\u0103 se al\u0103ture discu\u021biilor cu privire la demisia lui Park \u0219i alegerile preziden\u021biale de anul viitor.<\/p>\n<p style=\"text-align: justify;\">&#8220;Dac\u0103 pre\u0219edintele a anun\u021bat o demisie imediat\u0103 \u00een discursul de mar\u021bi, noi ar\u00a0 fi trebuit s\u0103 organiz\u0103m alegerile la sfarsitul lunii ianuarie&#8221;, a declarat Chung, ad\u0103ug\u00e2nd c\u0103 publicul nu dore\u0219te astfel de alegeri pripite.<\/p>\n<p style=\"text-align: justify;\">Chung a afirmat c\u0103 Park ar trebui s\u0103 ia \u00een considerare demisia \u00een luna aprilie a anului viitor, ca noile alegeri preziden\u021biale s\u0103 aib\u0103 loc \u00een luna iunie, asa cum a fost propus de c\u0103tre politicieni la sf\u00e2r\u0219itul s\u0103pt\u0103m\u00e2nii trecute.<\/p>\n<p style=\"text-align: justify;\">&#8220;\u00cen cazul \u00een care Parlamentul adopt\u0103 mo\u021biunea de punere sub acuzare, ar trebui doar s\u0103 a\u0219tept\u0103m decizia Cur\u021bii Constitu\u021bionale, ceea ce va duce la o mai mare confuzie \u00een afacerile de stat&#8221;, a spus Chung.<\/p>\n<p style=\"text-align: justify;\">\u00centre timp, disiden\u021bii Saenuri au exprimat obiec\u021bii cu privire la tentativa partidelor de opozi\u021bie de a include r\u0103spunsul administr\u0103rii ei gre\u0219ite la dezastrul cu feribotul Sewol, din anul 2014, ca motiv pentru punere sub acuzare.<\/p>\n<p style=\"text-align: justify;\">\u00cen propunerea redactat\u0103 mar\u021bi, partidele de opozi\u021bie au sus\u021binut c\u0103 Park a \u00eenc\u0103lcat Constitu\u021bia deoarece nu a reu\u0219it s\u0103-\u0219i \u00eendeplineasc\u0103 rolul de \u0219ef de stat pentru a proteja via\u021ba oamenilor a\u0219a cum este stipulat \u00een lege.<\/p>\n<p style=\"text-align: justify;\">&#8220;Punerea sub acuzare ar trebui propus\u0103 atunci c\u00e2nd pre\u0219edintele nu poate \u00eendeplini \u00eendatoririle oficiale dup\u0103 comiterea unor \u00eenc\u0103lc\u0103ri grave ale Constitu\u021biei \u0219i a legilor&#8221;, a declarat reprezentantul Saenuri, Kwon Seong-dong, ad\u0103ug\u00e2nd c\u0103 dezastrul cu feribotul nu poate fi considerat un astfel de caz. In opinia sa, mo\u021biunea nu poate c\u00e2\u0219tiga aprobarea din partea parlamentarilor Saenuri.<\/p>\n<p style=\"text-align: justify;\">Reamintim cititorilor nostri ca feribotul\u00a0Sewol s-a scufundat la data 16 aprilie 2014, 304 persoane pierjandu-si viata in urma acestei tragedii, cea mai mare parte fiind studen\u021bi \u00eentr-o excursie \u0219colar\u0103.<\/p>\n<p style=\"text-align: justify;\">Liderii din Saenuri care sunt loiali lui Park au declarat c\u0103 nu vor demisiona din posturile lor la sf\u00e2r\u0219itul lunii decembrie, asa cum au promis de curand \u00een cazul \u00een care parlamentarii neloiali lui Park se al\u0103tur\u0103 \u00een mi\u0219care de punere sub acuzare.<\/p>\n<p style=\"text-align: justify;\"><strong>Surs\u0103:<\/strong> <a href=\"http:\/\/english.yonhapnews.co.kr\/national\/2016\/11\/30\/0301000000AEN20161130001753315.html\">http:\/\/english.yonhapnews.co.kr\/national\/2016\/11\/30\/0301000000AEN20161130001753315.html<\/a><\/p>\n<p style=\"text-align: justify;\"><strong>Traducere: Oana \u0218oimaru<\/strong><\/p>\n","protected":false},"excerpt":{"rendered":"<p>Cele trei partide de opozi\u021bie din Coreei de Sud au anuntat, pe 30 noiembrie, ca vor continua s\u0103 fac\u0103 presiuni..<\/p>\n","protected":false},"author":2,"featured_media":4179,"comment_status":"open","ping_status":"open","sticky":false,"template":"","format":"standard","meta":[],"categories":[17],"tags":[515,593,514,576],"_links":{"self":[{"href":"https:\/\/www.saranghanguk.ro\/index.php\/wp-json\/wp\/v2\/posts\/4178"}],"collection":[{"href":"https:\/\/www.saranghanguk.ro\/index.php\/wp-json\/wp\/v2\/posts"}],"about":[{"href":"https:\/\/www.saranghanguk.ro\/index.php\/wp-json\/wp\/v2\/types\/post"}],"author":[{"embeddable":true,"href":"https:\/\/www.saranghanguk.ro\/index.php\/wp-json\/wp\/v2\/users\/2"}],"replies":[{"embeddable":true,"href":"https:\/\/www.saranghanguk.ro\/index.php\/wp-json\/wp\/v2\/comments?post=4178"}],"version-history":[{"count":5,"href":"https:\/\/www.saranghanguk.ro\/index.php\/wp-json\/wp\/v2\/posts\/4178\/revisions"}],"predecessor-version":[{"id":4184,"href":"https:\/\/www.saranghanguk.ro\/index.php\/wp-json\/wp\/v2\/posts\/4178\/revisions\/4184"}],"wp:featuredmedia":[{"embeddable":true,"href":"https:\/\/www.saranghanguk.ro\/index.php\/wp-json\/wp\/v2\/media\/4179"}],"wp:attachment":[{"href":"https:\/\/www.saranghanguk.ro\/index.php\/wp-json\/wp\/v2\/media?parent=4178"}],"wp:term":[{"taxonomy":"category","embeddable":true,"href":"https:\/\/www.saranghanguk.ro\/index.php\/wp-json\/wp\/v2\/categories?post=4178"},{"taxonomy":"post_tag","embeddable":true,"href":"https:\/\/www.saranghanguk.ro\/index.php\/wp-json\/wp\/v2\/tags?post=4178"}],"curies":[{"name":"wp","href":"https:\/\/api.w.org\/{rel}","templated":true}]}}