{"id":4397,"date":"2017-01-14T20:57:20","date_gmt":"2017-01-14T17:57:20","guid":{"rendered":"http:\/\/www.saranghanguk.ro\/?p=4397"},"modified":"2017-01-14T20:57:20","modified_gmt":"2017-01-14T17:57:20","slug":"coreea-de-sud-se-pregateste-pentru-o-noua-revolutie-industriala","status":"publish","type":"post","link":"https:\/\/www.saranghanguk.ro\/index.php\/2017\/01\/14\/coreea-de-sud-se-pregateste-pentru-o-noua-revolutie-industriala\/","title":{"rendered":"Coreea de Sud se pregate\u015fte pentru o nou\u0103 revolu\u0163ie industrial\u0103"},"content":{"rendered":"<p style=\"text-align: justify;\">Pre\u0219edintele interimar \u0219i,totodata, prim-ministrul Hwang Kyo-Ahn a asigurat, vineri,\u00a0 oamenii de \u0219tiin\u021b\u0103 \u0219i inginerii c\u0103 guvernul va merge mai departe cu planul s\u0103u pe termen lung pentru a sprijini dezvoltarea unor tehnologii de transformare, inclusiv inteligen\u0163a artificial\u0103 (AI), ma\u0219inile conectate \u0219i materiale noi.<\/p>\n<p style=\"text-align: justify;\"><a href=\"http:\/\/www.saranghanguk.ro\/wp-content\/uploads\/2017\/01\/AEN20170113010400315_01_i.jpg\"><img loading=\"lazy\" class=\"aligncenter wp-image-4398 size-full\" src=\"http:\/\/www.saranghanguk.ro\/wp-content\/uploads\/2017\/01\/AEN20170113010400315_01_i.jpg\" alt=\"AEN20170113010400315_01_i\" width=\"500\" height=\"333\" srcset=\"https:\/\/www.saranghanguk.ro\/wp-content\/uploads\/2017\/01\/AEN20170113010400315_01_i.jpg 500w, https:\/\/www.saranghanguk.ro\/wp-content\/uploads\/2017\/01\/AEN20170113010400315_01_i-300x200.jpg 300w\" sizes=\"(max-width: 500px) 100vw, 500px\" \/><\/a><\/p>\n<p style=\"text-align: justify;\">\u00cen timpul salutului de Anul Nou cu profesioni\u0219tii din domeniul \u0219tiin\u021bei \u0219i tehnologiei informa\u021biei, Hwang a subliniat c\u0103 actualul cuv\u00e2nt-cheie al economiei mondiale este cea de-a patra revolu\u021bie industrial\u0103, cer\u00e2nd eforturi de a r\u0103m\u00e2ne \u00een fruntea celei mai rigide competi\u021bii industriale la nivel mondial. Aceasta s-a referit la transformarea industrial\u0103 \u00een curs de desf\u0103\u0219urare determinat\u0103 de convergen\u021ba tehnologiilor de ultim\u0103 genera\u021bie, cum ar fi AI, internetul obiectelor, precum \u0219i aplica\u021bii de cre\u015ftere a realit\u0103\u0163ii virtuale.<\/p>\n<p style=\"text-align: justify;\">&#8220;(Guvernul) va insista pentru un proiect de strategie na\u021bional\u0103 pentru a dezvolta tehnologii de baz\u0103 AI&#8221;, a spus Hwang. &#8220;Vom \u00eencerca s\u0103 asigur\u0103m o capacitate tehnologic\u0103 de nivel mondial&#8221;, a ad\u0103ugat el.<\/p>\n<p style=\"text-align: justify;\">Anul trecut, guvernul din Seul a decis s\u0103 \u00eencurajeze sectorul AI ca fiind unul dintre cele nou\u0103 &#8220;proiecte strategice na\u021bionale&#8221;, care includ, de asemenea, tehnologii care implic\u0103 realitatea virtual\u0103, vehiculele autonome, ora\u0219e inteligente, biotehnologie \u015fi materiale ultra-u\u0219oare.<\/p>\n<p style=\"text-align: justify;\">&#8220;La sfar\u015fitul anului trecut, guvernul a conceput un plan cuprinz\u0103tor pe termen mediu \u0219i lung pentru a preg\u0103ti \u021bara pentru o societate inteligent\u0103 \u015fi plin\u0103 de informa\u021bii. Pe baza acestui fapt, vom depune toate eforturile politice pentru a face fa\u021b\u0103 preventiv celei de-a patra revolu\u021bii industriale&#8221;, a mai declarat acesta.<\/p>\n<p style=\"text-align: justify;\">\u00cen plus, pre\u015fedintele interimar a promis s\u0103 depun\u0103 eforturi mai mari pentru a hr\u0103ni &#8220;creativ&#8221; resursele umane, \u00een special \u00een sectorul \u0219tiin\u021bei, prin extinderea diverselor programe de cercetare sponsorizate de stat.<\/p>\n<p style=\"text-align: justify;\"><strong>Sursa:<\/strong> <a href=\"http:\/\/english.yonhapnews.co.kr\/national\/2017\/01\/13\/0301000000AEN20170113010400315.html\">http:\/\/english.yonhapnews.co.kr\/national\/2017\/01\/13\/0301000000AEN20170113010400315.html<\/a><\/p>\n<p style=\"text-align: justify;\"><strong>Traducere: <em>Corina Stan<\/em><\/strong><\/p>\n","protected":false},"excerpt":{"rendered":"<p>Pre\u0219edintele interimar \u0219i,totodata, prim-ministrul Hwang Kyo-Ahn a asigurat, vineri,\u00a0 oamenii de \u0219tiin\u021b\u0103 \u0219i inginerii c\u0103 guvernul va merge mai departe..<\/p>\n","protected":false},"author":2,"featured_media":4398,"comment_status":"open","ping_status":"open","sticky":false,"template":"","format":"standard","meta":[],"categories":[251],"tags":[646,644,645],"_links":{"self":[{"href":"https:\/\/www.saranghanguk.ro\/index.php\/wp-json\/wp\/v2\/posts\/4397"}],"collection":[{"href":"https:\/\/www.saranghanguk.ro\/index.php\/wp-json\/wp\/v2\/posts"}],"about":[{"href":"https:\/\/www.saranghanguk.ro\/index.php\/wp-json\/wp\/v2\/types\/post"}],"author":[{"embeddable":true,"href":"https:\/\/www.saranghanguk.ro\/index.php\/wp-json\/wp\/v2\/users\/2"}],"replies":[{"embeddable":true,"href":"https:\/\/www.saranghanguk.ro\/index.php\/wp-json\/wp\/v2\/comments?post=4397"}],"version-history":[{"count":1,"href":"https:\/\/www.saranghanguk.ro\/index.php\/wp-json\/wp\/v2\/posts\/4397\/revisions"}],"predecessor-version":[{"id":4399,"href":"https:\/\/www.saranghanguk.ro\/index.php\/wp-json\/wp\/v2\/posts\/4397\/revisions\/4399"}],"wp:featuredmedia":[{"embeddable":true,"href":"https:\/\/www.saranghanguk.ro\/index.php\/wp-json\/wp\/v2\/media\/4398"}],"wp:attachment":[{"href":"https:\/\/www.saranghanguk.ro\/index.php\/wp-json\/wp\/v2\/media?parent=4397"}],"wp:term":[{"taxonomy":"category","embeddable":true,"href":"https:\/\/www.saranghanguk.ro\/index.php\/wp-json\/wp\/v2\/categories?post=4397"},{"taxonomy":"post_tag","embeddable":true,"href":"https:\/\/www.saranghanguk.ro\/index.php\/wp-json\/wp\/v2\/tags?post=4397"}],"curies":[{"name":"wp","href":"https:\/\/api.w.org\/{rel}","templated":true}]}}