{"id":4546,"date":"2017-01-22T15:20:46","date_gmt":"2017-01-22T12:20:46","guid":{"rendered":"http:\/\/www.saranghanguk.ro\/?p=4546"},"modified":"2017-01-22T15:20:46","modified_gmt":"2017-01-22T12:20:46","slug":"4546","status":"publish","type":"post","link":"https:\/\/www.saranghanguk.ro\/index.php\/2017\/01\/22\/4546\/","title":{"rendered":"Fostul secretar al ONU, Ban Ki-Moon, \u00ee\u015fi preg\u0103te\u015fte candidatura la pre\u015fedin\u021bie?"},"content":{"rendered":"<p style=\"text-align: justify;\">Fostul secretar general al ONU, Ban Ki-Moon, a fost surprins weekendul trecut preg\u0103tindu-\u015fi campania preziden\u021bial\u0103, \u00eencerc\u00e2nd s\u0103 atrag\u0103 at\u00e2t conservatorii c\u00e2t \u015fi liberalii prin mantra sa de integrare na\u021bional\u0103, scrie agentia Yonhap.<\/p>\n<p style=\"text-align: justify;\">Pe 15 ianuarie, Ban, un aspirant prezidential cu potential, a vizitat comandamentul celei de-a doua flote marine, \u00een Pyeongtaek, la 70 km de Seul, unde este expus\u0103 epava corvetei Cheonan. Despre aceast\u0103 vizita, observatorii sus\u021bin c\u0103 a fost g\u00e2ndit\u0103 pentru a c\u00e2\u015ftiga simpatia aleg\u0103torilor conservatori care sunt preocupa\u021bi de securitatea na\u021bional\u0103.<\/p>\n<p style=\"text-align: justify;\">Corveta s-a scufundat \u00een Marea Vestic\u0103 dup\u0103 atacul cu torpile al Coreei de Nord din 2010, care a ucis 46 de marinari. A fost scoas\u0103 din ap\u0103 \u015fi expus\u0103 pentru a comemora ultimul sacrifiu al victimelor \u015fi pentru a promova educa\u021bia despre securitate at\u00e2t \u00een r\u00e2ndul trupelor, c\u00e2t \u015fi al vizitatorilor.<\/p>\n<p style=\"text-align: justify;\">De joia trecut\u0103, c\u00e2nd s-a \u00eentors acas\u0103 dup\u0103 10 ani de serviciu la ONU, Ban a \u00eentreprins multe activit\u0103\u021bi cu tent\u0103 politic\u0103. A vizitat mormintele unor fo\u015fti pre\u015fedin\u021bi, at\u00e2t liberali, c\u00e2t \u015fi conservatori, s-a \u00eent\u00e2lnit cu aleg\u0103torii tineri \u015fi cu cei dezavantaja\u021bi social, \u015fi cu sus\u021bin\u0103torii s\u0103i din ora\u015ful natal, Eumseong, din provincia Chungcheong de Nord.<\/p>\n<p style=\"text-align: justify;\">De\u015fi \u00eenc\u0103 nu \u015fi-a anun\u021bat oficial candidatura, fostul ministru de Externe \u015fi-a ar\u0103tat \u00een repetate r\u00e2nduri dorin\u021ba puternic\u0103 de a deveni pre\u015fedinte, promi\u021b\u00e2nd s\u0103 lucreze &#8220;pentru o schimbare \u00een politic\u0103, nu de guvern&#8221;.<\/p>\n<p style=\"text-align: justify;\">\u00cen timpul vizitei la comandamentul naval, Ban \u015fi-a declarat sus\u021binerea fa\u021b\u0103 de planul g\u00e2ndit de Seul \u015fi Washington de a desf\u0103\u015fura un sistem american anti-rachet\u0103 \u00een Seul, cit\u00e2nd amenin\u021b\u0103rile cresc\u00e2nde din partea Coreei de Nord. El a spus c\u0103 &#8220;\u021bin\u00e2nd cont de situa\u021bia din Peninsula coreean\u0103, care se afl\u0103 \u00eentr-o stare de cvasi r\u0103zboi, m\u0103sura guvernului este \u00eendrept\u0103\u021bit\u0103.&#8221;<\/p>\n<p style=\"text-align: justify;\">&#8220;\u00cen\u021beleg c\u0103 va fi instalat\u0103 pentru ap\u0103rare, din moment ce Coreea de Nord continu\u0103 s\u0103 dezvolte arme nucleare \u015fi s\u0103 acumuleze tehnologie balistic\u0103&#8221;, a ad\u0103ugat fostul secretar general al ONU, sus\u021bin\u00e2nd c\u0103 ne\u00een\u021belegerile diplomatice cu \u021b\u0103rile vecine, cum ar fi China, pot fi rezolvate prin diploma\u021bie.<\/p>\n<p style=\"text-align: justify;\">Beijing \u015fi Moscova s-au opus instal\u0103rii sistemului, argument\u00e2nd c\u0103 acest lucru le-ar perturba interesele strategice de securitate.<\/p>\n<p style=\"text-align: center;\"><a href=\"http:\/\/www.saranghanguk.ro\/wp-content\/uploads\/2017\/01\/AEN20170115001051315_04_i.jpg\"><img loading=\"lazy\" class=\"aligncenter wp-image-4547 size-full\" src=\"http:\/\/www.saranghanguk.ro\/wp-content\/uploads\/2017\/01\/AEN20170115001051315_04_i.jpg\" alt=\"AEN20170115001051315_04_i\" width=\"500\" height=\"333\" srcset=\"https:\/\/www.saranghanguk.ro\/wp-content\/uploads\/2017\/01\/AEN20170115001051315_04_i.jpg 500w, https:\/\/www.saranghanguk.ro\/wp-content\/uploads\/2017\/01\/AEN20170115001051315_04_i-300x200.jpg 300w\" sizes=\"(max-width: 500px) 100vw, 500px\" \/><\/a><\/p>\n<p style=\"text-align: center;\"><em>Fostul secretar general al ONU, Ban Ki Moon (mijloc), se uit\u0103 la epava corvetei Cheonan la comandamentul celei de-a doua Flote Marine \u00een Pyeongtaek, la 70 de kilometri sud de Seul, pe 15 ianuarie 2017.<\/em><\/p>\n<p style=\"text-align: justify;\">Tot \u00een timpul vizitei la baz\u0103, Ban a subliniat necesitatea unei revizii generale a institu\u021biilor politice \u015fi ale legii cu scopul de a le alinia la standardele democratice, atac\u00e2nd astfel \u00eenc\u0103 o dat\u0103 cercurile politice. &#8220;Pe l\u00e2ng\u0103 reforma constitu\u021bional\u0103, ar trebui s\u0103 se fac\u0103 o revizie general\u0103 a sistemului electoral, a <span id=\"result_box\" class=\"short_text\" lang=\"ro\">modului \u00een care politicile <span class=\"\">sunt determinate <\/span><\/span>\u015fi a modului de g\u00e2ndire \u015fi comportament al politicienilor,&#8221; a spus acesta.<\/p>\n<p style=\"text-align: justify;\">Dup\u0103 abordarea subiectelor de securitate nationala din timpul vizitei la baza marin\u0103 din Pyeongtaek, Ban are \u00een plan vizitarea ora\u015fului de provenien\u021b\u0103 al unui fost pre\u015fedinte, acum decedat, Roh Moo Hyun, \u00een Gimhae, ora\u015ful Bongha din provincia Gyeongsang de Sud, un loc de pelerinaj pentru politicienii liberali.<\/p>\n<p style=\"text-align: justify;\">Observatorii spun c\u0103 aceste mi\u015fc\u0103ri sunt g\u00e2ndite pentru a reda mesajul de pace pe care vrea s\u0103 \u00eel transmit\u0103, dar \u015fi pentru a atrage de partea sa aleg\u0103torii din toate categoriile \u015fi pentru a explora modalit\u0103\u021bi de alc\u0103tuire a unei coali\u021bii formate din politicieni cu mentalit\u0103\u021bi asem\u0103n\u0103toare, \u00een afara politicii de r\u00e2nd, criticat\u0103 \u00eendelung pentru fac\u021bionalismul aparent ve\u015fnic \u015fi favoritisme.<\/p>\n<p style=\"text-align: justify;\">De-a lungul campaniei sale preziden\u021biale, este de a\u015fteptat ca Ban s\u0103 eviden\u021bieze cei 10 ani de serviciu pentru ONU, marca\u021bi de lupta lui pentru cei defavoriza\u021bi social, egalitatea dintre sexe, protec\u021bia mediului \u015fi alte cauze. &#8220;\u00cen timpul celor 10 ani petrecu\u021bi ca secretar general al ONU am mers prin toate col\u021burile lumii, vorbind pentru cei nevoia\u015fi, s\u0103raci, bolnavi sau cei care nu pot vorbi pentru ei \u00een\u015fi\u015fi&#8221;, a declarat acesta \u00een timpul vizitei sale \u00een Kkottongnae, o comunitate catolic\u0103 pentru oameni bolnavi \u015fi cu dizabilit\u0103\u021bi fizice din ora\u015ful s\u0103u natal. In context, el a ad\u0103ugat c\u0103 &#8220;de\u015fi puterea lui este limitat\u0103, ca fost secretar ONU, va \u00eencerca s\u0103 ajute nevoia\u015fii&#8221;. <strong><em>(Iscu Claudia Mihaela)<\/em><\/strong><\/p>\n<p style=\"text-align: center;\"><a href=\"http:\/\/www.saranghanguk.ro\/wp-content\/uploads\/2017\/01\/AEN20170115001051315_02_i.jpg\"><img loading=\"lazy\" class=\"aligncenter wp-image-4548 size-full\" src=\"http:\/\/www.saranghanguk.ro\/wp-content\/uploads\/2017\/01\/AEN20170115001051315_02_i.jpg\" alt=\"AEN20170115001051315_02_i\" width=\"500\" height=\"302\" srcset=\"https:\/\/www.saranghanguk.ro\/wp-content\/uploads\/2017\/01\/AEN20170115001051315_02_i.jpg 500w, https:\/\/www.saranghanguk.ro\/wp-content\/uploads\/2017\/01\/AEN20170115001051315_02_i-300x181.jpg 300w\" sizes=\"(max-width: 500px) 100vw, 500px\" \/><\/a><\/p>\n<p style=\"text-align: center;\"><em>Fotografie f\u0103cut\u0103 pe 14 ianuarie 2017, \u00eel arat\u0103 pe fostul secretar general al ONU, Ban Ki Moon, vorbind \u00een timpul unei ceremonii de celebrare a \u00eentoarcerii sale \u00een Coreea de Sud, dup\u0103 serviciul s\u0103u de 10 ani, la organiza\u021bia interna\u021bional\u0103, \u00een Chungju, la 147 km, \u00een sud, fa\u0163\u0103 de Seul.<\/em><\/p>\n","protected":false},"excerpt":{"rendered":"<p>Fostul secretar general al ONU, Ban Ki-Moon, a fost surprins weekendul trecut preg\u0103tindu-\u015fi campania preziden\u021bial\u0103, \u00eencerc\u00e2nd s\u0103 atrag\u0103 at\u00e2t conservatorii..<\/p>\n","protected":false},"author":2,"featured_media":4548,"comment_status":"open","ping_status":"open","sticky":false,"template":"","format":"standard","meta":[],"categories":[251],"tags":[671,673,672,674],"_links":{"self":[{"href":"https:\/\/www.saranghanguk.ro\/index.php\/wp-json\/wp\/v2\/posts\/4546"}],"collection":[{"href":"https:\/\/www.saranghanguk.ro\/index.php\/wp-json\/wp\/v2\/posts"}],"about":[{"href":"https:\/\/www.saranghanguk.ro\/index.php\/wp-json\/wp\/v2\/types\/post"}],"author":[{"embeddable":true,"href":"https:\/\/www.saranghanguk.ro\/index.php\/wp-json\/wp\/v2\/users\/2"}],"replies":[{"embeddable":true,"href":"https:\/\/www.saranghanguk.ro\/index.php\/wp-json\/wp\/v2\/comments?post=4546"}],"version-history":[{"count":1,"href":"https:\/\/www.saranghanguk.ro\/index.php\/wp-json\/wp\/v2\/posts\/4546\/revisions"}],"predecessor-version":[{"id":4549,"href":"https:\/\/www.saranghanguk.ro\/index.php\/wp-json\/wp\/v2\/posts\/4546\/revisions\/4549"}],"wp:featuredmedia":[{"embeddable":true,"href":"https:\/\/www.saranghanguk.ro\/index.php\/wp-json\/wp\/v2\/media\/4548"}],"wp:attachment":[{"href":"https:\/\/www.saranghanguk.ro\/index.php\/wp-json\/wp\/v2\/media?parent=4546"}],"wp:term":[{"taxonomy":"category","embeddable":true,"href":"https:\/\/www.saranghanguk.ro\/index.php\/wp-json\/wp\/v2\/categories?post=4546"},{"taxonomy":"post_tag","embeddable":true,"href":"https:\/\/www.saranghanguk.ro\/index.php\/wp-json\/wp\/v2\/tags?post=4546"}],"curies":[{"name":"wp","href":"https:\/\/api.w.org\/{rel}","templated":true}]}}