{"id":4611,"date":"2017-01-29T13:14:39","date_gmt":"2017-01-29T10:14:39","guid":{"rendered":"http:\/\/www.saranghanguk.ro\/?p=4611"},"modified":"2017-02-05T19:42:53","modified_gmt":"2017-02-05T16:42:53","slug":"coree-de-sud-se-aliaza-cu-franta-pentru-face-presiuni-asupra-coreei-de-nord","status":"publish","type":"post","link":"https:\/\/www.saranghanguk.ro\/index.php\/2017\/01\/29\/coree-de-sud-se-aliaza-cu-franta-pentru-face-presiuni-asupra-coreei-de-nord\/","title":{"rendered":"Coree de Sud se aliaza cu Franta pentru a face presiuni asupra Coreei de Nord sa  renunte la programele sale nucleare"},"content":{"rendered":"<p style=\"text-align: justify;\">Coreea de Sud \u0219i Fran\u021ba au convenit, pe 25 ianuarie, s\u0103 colaboreze pentru a face presiuni asupra Coreei de Nord astfel \u00eenc\u00e2t s\u0103 o determine s\u0103 renun\u021be la programele sale nucleare \u0219i la rachete. Aceast\u0103 alian\u0163\u0103 reprezint\u0103, totodata, \u015fi primele discu\u021bii la nivel \u00eenalt ale celor dou\u0103 \u021b\u0103ri cu privire la problema nuclear\u0103 nord-coreean\u0103. Discu\u021biile de consultare la nivel \u00eenalt au avut loc la Paris \u00eentre reprezentantul nuclear de top din Coreea de Sud, Kim Hong-Kyun, \u0219i directorul politic al Ministerului de Externe francez, Nicolas de Riviere.<\/p>\n<p style=\"text-align: justify;\">De fapt, discu\u021biile bilaterale dedicate combaterii programului de arme nucleare al Coreei de Nord au fost elaborate de c\u0103tre pre\u0219edintele sud-coreean \u0219i cel francez \u00een timpul summit-ului care a avut loc \u00een luna iunie, \u00een capitala francez\u0103. Conform unei declara\u0163ii bilaterale emise dup\u0103 aceste discu\u0163ii, avansarea rapid\u0103 a programelelor nucleare \u0219i de rachete balistice ale Coreei de Nord constituie o amenin\u021bare grav\u0103 la adresa p\u0103cii \u0219i securit\u0103\u021bii interna\u021bionale, precum \u0219i o provocare serioas\u0103 la adresa regimului interna\u021bional de neproliferare. &#8220;Cei doi reprezentan\u021bi principali condamn\u0103 Coreea de Nord \u00een termenii cei mai puternici pentru comportamentul s\u0103u provocator continuu \u0219i remarcile care cauzeaz\u0103 instabilitate,\u201d se specifica \u00een declara\u0163ia citata de agentia Yonhap.<\/p>\n<p style=\"text-align: justify;\">Potrivit declara\u0163iei, cele dou\u0103 p\u0103r\u021bi au ajuns la un acord conform c\u0103ruia comunitatea interna\u021bional\u0103 ar trebui s\u0103 consolideze presiunea asupra Coreei de Nord \u0219i s\u0103 depun\u0103 eforturi pentru punerea \u00een aplicare a sanc\u021biunilor anti-nord, \u00een scopul de a nu l\u0103sa \u021b\u0103rii comuniste nicio alt\u0103 op\u021biune dec\u00e2t renun\u0163area la programele sale nucleare \u0219i de rachete balistice. &#8220;\u00cen acest scop, Coreea de Sud \u0219i Fran\u021ba au convenit s\u0103 continue cooperarea bilateral\u0103 cu privire la aceste aspecte, inclusiv in ceea ce priveste eforturile de \u00eencurajare a sanc\u021biunilor implementate de c\u0103tre alte \u021b\u0103ri,&#8221; se mai arata in documentul citat.<\/p>\n<p style=\"text-align: justify;\">Totodata, Fran\u021ba s-a angajat s\u0103-\u0219i intensifice eforturile pentru adoptarea unor sanc\u021biuni suplimentare de sine st\u0103t\u0103toare \u00een cadrul Uniunii Europene privind Coreea de Nord: &#8220;Ambele p\u0103r\u021bi \u0219i-au exprimat, de asemenea, \u00eengrijorarea profund\u0103 fa\u021b\u0103 de situa\u021bia dezastruoas\u0103 a drepturilor omului din Coreea de Nord. Ei au cerut o aten\u021bie proactiv\u0103 comunit\u0103\u021bii interna\u021bionale asupra condi\u021biei libert\u0103\u0163ii din Coreea de Nord \u0219i \u00eembun\u0103t\u0103\u021birea situa\u021biei umanitare.&#8221;<\/p>\n<p style=\"text-align: justify;\"><a href=\"http:\/\/www.saranghanguk.ro\/wp-content\/uploads\/2017\/01\/5-20_n_korea_nuclear_1.jpg\"><img loading=\"lazy\" class=\"aligncenter wp-image-4613 size-full\" src=\"http:\/\/www.saranghanguk.ro\/wp-content\/uploads\/2017\/01\/5-20_n_korea_nuclear_1.jpg\" alt=\"5-20_n_korea_nuclear_1\" width=\"534\" height=\"401\" srcset=\"https:\/\/www.saranghanguk.ro\/wp-content\/uploads\/2017\/01\/5-20_n_korea_nuclear_1.jpg 534w, https:\/\/www.saranghanguk.ro\/wp-content\/uploads\/2017\/01\/5-20_n_korea_nuclear_1-300x225.jpg 300w\" sizes=\"(max-width: 534px) 100vw, 534px\" \/><\/a><\/p>\n<p style=\"text-align: justify;\">Declara\u0163ia releva c\u0103 Fran\u0163a \u015fi Coreea de Sud vor extinde profunzimea \u0219i amploarea rela\u021biilor de cooperare strategic\u0103 at\u00e2t \u00een abordarea problemelor din Coreea de Nord, precum \u0219i a altor provoc\u0103ri globale. \u00cen document se specifica, de asemenea, c\u0103 cei doi oficiali se vor \u00eent\u00e2lni din nou \u00een Seul, \u00eenainte de sf\u00e2r\u0219itul anului pentru a doua rund\u0103 a discu\u021biilor consultative la nivel \u00eenalt.<\/p>\n<p style=\"text-align: justify;\">\u00cent\u00e2lnirile vin pe fondul temerilor tot mai accentuate conform c\u0103rora Coreea de Nord ar putea lansa o rachet\u0103 sau recurgge la un nou test nuclear pentru a atrage aten\u021bia Washingtonului. Reamintim ca liderul nord-coreean Kim Jong-un a spus \u00een discursul s\u0103u de Anul Nou c\u0103 preg\u0103tirile pentru testarea unei rachete balistice intercontinentale se afl\u0103 \u00een etapele finale, ad\u0103ug\u00e2nd c\u0103 acesta ar putea fi efectuat oric\u00e2nd \u0219i oriunde.<\/p>\n<p style=\"text-align: justify;\">\u00cenainte de a pleca din Fran\u021ba, Kim Hong-Kyun a salutat \u00eent\u00e2lnirea bilateral\u0103 drept prima discu\u0163ie bidirec\u0163ional\u0103 la nivel \u00eenalt dedicat\u0103 exclusiv problemelor din Coreea de Nord, pe l\u00e2ng\u0103 discu\u021biile similare dintre Coreea de Sud \u015fi S.U.A. Kim Hong-Kyun\u00a0 a declarat c\u0103 Seulul are, de asemenea, \u00een vedere crearea de dialoguri similare cu alte \u021b\u0103ri majore cum ar fi Marea Britanie \u0219i Germania. <strong><em>(Corina Stan)<\/em> <\/strong><\/p>\n","protected":false},"excerpt":{"rendered":"<p>Coreea de Sud \u0219i Fran\u021ba au convenit, pe 25 ianuarie, s\u0103 colaboreze pentru a face presiuni asupra Coreei de Nord..<\/p>\n","protected":false},"author":2,"featured_media":4613,"comment_status":"open","ping_status":"open","sticky":false,"template":"","format":"standard","meta":[],"categories":[17],"tags":[698,438,699],"_links":{"self":[{"href":"https:\/\/www.saranghanguk.ro\/index.php\/wp-json\/wp\/v2\/posts\/4611"}],"collection":[{"href":"https:\/\/www.saranghanguk.ro\/index.php\/wp-json\/wp\/v2\/posts"}],"about":[{"href":"https:\/\/www.saranghanguk.ro\/index.php\/wp-json\/wp\/v2\/types\/post"}],"author":[{"embeddable":true,"href":"https:\/\/www.saranghanguk.ro\/index.php\/wp-json\/wp\/v2\/users\/2"}],"replies":[{"embeddable":true,"href":"https:\/\/www.saranghanguk.ro\/index.php\/wp-json\/wp\/v2\/comments?post=4611"}],"version-history":[{"count":4,"href":"https:\/\/www.saranghanguk.ro\/index.php\/wp-json\/wp\/v2\/posts\/4611\/revisions"}],"predecessor-version":[{"id":4670,"href":"https:\/\/www.saranghanguk.ro\/index.php\/wp-json\/wp\/v2\/posts\/4611\/revisions\/4670"}],"wp:featuredmedia":[{"embeddable":true,"href":"https:\/\/www.saranghanguk.ro\/index.php\/wp-json\/wp\/v2\/media\/4613"}],"wp:attachment":[{"href":"https:\/\/www.saranghanguk.ro\/index.php\/wp-json\/wp\/v2\/media?parent=4611"}],"wp:term":[{"taxonomy":"category","embeddable":true,"href":"https:\/\/www.saranghanguk.ro\/index.php\/wp-json\/wp\/v2\/categories?post=4611"},{"taxonomy":"post_tag","embeddable":true,"href":"https:\/\/www.saranghanguk.ro\/index.php\/wp-json\/wp\/v2\/tags?post=4611"}],"curies":[{"name":"wp","href":"https:\/\/api.w.org\/{rel}","templated":true}]}}