{"id":4895,"date":"2017-03-06T13:40:54","date_gmt":"2017-03-06T10:40:54","guid":{"rendered":"http:\/\/www.saranghanguk.ro\/?p=4895"},"modified":"2017-05-22T16:59:07","modified_gmt":"2017-05-22T13:59:07","slug":"park-geun-hye-confirmata-ca-suspect-dosarul-de-coruptie-care-zguduit-coreea-de-sud","status":"publish","type":"post","link":"https:\/\/www.saranghanguk.ro\/index.php\/2017\/03\/06\/park-geun-hye-confirmata-ca-suspect-dosarul-de-coruptie-care-zguduit-coreea-de-sud\/","title":{"rendered":"Park Geun Hye, confirmat\u0103 ca suspect \u00een dosarul de corup\u021bie care a zguduit Coreea de Sud"},"content":{"rendered":"<p style=\"text-align: justify;\">Echipa special\u0103 de procurori a confirmat din nou, pe 6 martie, suspiciunile legate de pre\u015fedintele Park Geun Hye,\u00a0 \u015fi anume luare de mit\u0103, trafic de influen\u0163\u0103 \u015fi abuz \u00een serviciu.<\/p>\n<p style=\"text-align: justify;\">Echipa avocatului independent Park Young Soo, \u015fi-a \u00eencheiat investiga\u0163ia pe 29 februarie, transfer\u00e2nd rezultatele procuraturii de stat pentru cercet\u0103ri mai am\u0103nun\u0163ite. Un total de 30 de persoane, inclusiv liderul de facto al Grupului Samsung, Lee Jae Yong, au fost pu\u015fi sub acuzare \u00een leg\u0103tur\u0103 cu scandalul de corup\u0163ie care a zguduit Coreea de Sud.<\/p>\n<p style=\"text-align: justify;\">\u00cen comunicatul remis ulterior presei \u015fi citat de agentia Yonhap, echipa de investigatie a confirmat c\u0103 Park Geun Hye este suspect\u0103 de complicitate \u00een luarea de mit\u0103, al\u0103turi de vechea ei prieten\u0103 Choi Soon Sil,\u00a0 de la \u015feful Samsung, Lee Jae Yong, \u00een schimbul unor favoruri \u00een afaceri. De asemenea, numele lui Park este legat de &#8220;lista neagr\u0103 ilegal\u0103&#8221; alc\u0103tuit\u0103 \u00een mai 2015 de asisten\u021bii s\u0103i cu numele a 9473 de personalit\u0103\u021bi culturale de orientare liberal\u0103, care au criticat de-a lungul timpului administra\u021bia sa.<\/p>\n<p style=\"text-align: justify;\"><a href=\"http:\/\/www.saranghanguk.ro\/wp-content\/uploads\/2017\/03\/AEN20170306007453315_02_i.jpg\"><img loading=\"lazy\" class=\"aligncenter wp-image-4896 size-full\" src=\"http:\/\/www.saranghanguk.ro\/wp-content\/uploads\/2017\/03\/AEN20170306007453315_02_i.jpg\" alt=\"\" width=\"500\" height=\"338\" srcset=\"https:\/\/www.saranghanguk.ro\/wp-content\/uploads\/2017\/03\/AEN20170306007453315_02_i.jpg 500w, https:\/\/www.saranghanguk.ro\/wp-content\/uploads\/2017\/03\/AEN20170306007453315_02_i-300x203.jpg 300w\" sizes=\"(max-width: 500px) 100vw, 500px\" \/><\/a><\/p>\n<p style=\"text-align: center;\"><em>Avocatul independent Park Young Soo (centru) anun\u021b\u0103 rezultatul anchetei echipei sale \u00een timpul unei conferin\u021be de pres\u0103 sus\u021binut\u0103 la sediul s\u0103u din sudul Seulului, pe 6 martie 2017.<\/em><\/p>\n<p style=\"text-align: justify;\">Investigatorii sus\u0163in c\u0103 Park \u015fi Choi au folosit telefoane \u00eenregistrate pe numele altor persoane pentru a putea comunica, av\u00e2nd \u00een total 573 de convorbiri din aprilie \u015fi p\u00e2n\u0103 \u00een octombrie trecut.<\/p>\n<p style=\"text-align: justify;\">Lee Young Seon, un consilier preziden\u021bial, a fost acuzat c\u0103 ar fi deschis abonamentele telefonice pentru pre\u015fedinte \u015fi al\u021bi oficiali. De asemenea, acesta este acuzat \u015fi c\u0103 ar fi ajutat-o pe Park s\u0103 urmeze tratamente medicale neautorizate, efectuate de c\u0103tre practicieni f\u0103r\u0103 certificate.<\/p>\n<p style=\"text-align: justify;\">Kim Young Jae, un medic apropiat al lui Choi, i-a f\u0103cut injec\u021bii cu botox de 5 ori pre\u015fedintelui, din mai 2014 \u015fi p\u00e2n\u0103 in iulie 2016, nel\u0103s\u00e2nd nicio \u00eenscriere oficial\u0103. Acesta nu a trecut prin protocolul de securitate specific \u015fi nici prin controalele de siguran\u021b\u0103.<\/p>\n<p style=\"text-align: justify;\">\u00cen plus, avocatul independent Park Young Soo a declarat c\u0103 echipa lui a descoperit pe numele familiei lui Choi propriet\u0103\u021bi \u00een valoare de 273 mld. woni ($236 mil.), Choi \u00eens\u0103\u015fi de\u021bin\u00e2nd 22.8 mld. woni, \u00eens\u0103 nu au putut g\u0103si dovezi conform c\u0103rora aceste bunuri ar fi fost ob\u0163inute ilegal. Cu toate acestea, echipa de investiga\u021bii a cerut unei judec\u0103torii locale s\u0103 treac\u0103 sub sechestru 7.7 mld. woni, pe care aceasta \u00eei ob\u021binuse ilegal de la Samsung.<\/p>\n<p style=\"text-align: justify;\">Park le-a spus ziari\u015ftilor c\u0103 investiga\u021bia s-a \u00eencheiat \u00eendeplinindu-\u015fi numai pe jum\u0103tate obiectivul din cauza timpului limitat \u015fi a refuzului de cooperare din partea celor implica\u021bi \u00een anchet\u0103. \u00cencercarea avocatului independent de a interoga pre\u015fedintele a e\u015fuat ca urmare a faptului c\u0103 cele dou\u0103 p\u0103r\u021bi nu au reu\u015fit s\u0103 fie de acord cu privire la modalitatea \u00een care ar trebui s\u0103 fie dus\u0103 la cap\u0103t o astfel de sarcin\u0103 f\u0103r\u0103 precedent.<\/p>\n<p style=\"text-align: justify;\">Reprezentantul legal al pre\u015fedintelui, Yoo Yeong Ha, a lansat un comunicat de pres\u0103\u00a0\u00een care a negat acuza\u0163iile aduse lui Park, denun\u0163\u00e2nd avocatul independent pentru p\u0103rtinire politic\u0103. Si \u00een prezent, problema principal\u0103 este dac\u0103 pre\u015fedintele Park va fi interogat\u0103 fa\u0163\u0103 \u00een fa\u0163\u0103 de c\u0103tre procurorii care vor continua s\u0103 investigheze suspiciunile nerezolvate legate de acest dosar. Echipa special\u0103 de avoca\u0163i nu a putut s-o investigheze direct pe Park Geun Hye din moment ce un pre\u015fedinte \u00een oficiu este imun la punerea sub acuzare.<\/p>\n<p style=\"text-align: justify;\">Tot pe 6 martie, echipa procurorilor de stat, care a ini\u0163iat investiga\u0163ia scandalului anul trecut, a anun\u0163at c\u0103 a \u00eenceput s\u0103 revad\u0103 documentele \u00eenm\u00e2nate de c\u0103tre avoca\u0163ii speciali. Pe l\u00e2ng\u0103 acuza\u0163iile aduse pre\u015fedintelui, se a\u015fteapt\u0103 de la procurorii de stat s\u0103 cerceteze am\u0103nun\u0163it suspiciunile de trafic de influen\u0163\u0103 din jurul fostului secretar de stat, Woo Byung Woo, \u015fi alte leg\u0103turi de corup\u0163ie dintre puterile politice \u015fi gigan\u0163ii afacerilor.<\/p>\n<p style=\"text-align: justify;\"><a href=\"http:\/\/www.saranghanguk.ro\/wp-content\/uploads\/2017\/03\/AEN20170306007453315_01_i.jpg\"><img loading=\"lazy\" class=\"aligncenter wp-image-4898 size-full\" src=\"http:\/\/www.saranghanguk.ro\/wp-content\/uploads\/2017\/03\/AEN20170306007453315_01_i.jpg\" alt=\"\" width=\"500\" height=\"316\" srcset=\"https:\/\/www.saranghanguk.ro\/wp-content\/uploads\/2017\/03\/AEN20170306007453315_01_i.jpg 500w, https:\/\/www.saranghanguk.ro\/wp-content\/uploads\/2017\/03\/AEN20170306007453315_01_i-300x190.jpg 300w\" sizes=\"(max-width: 500px) 100vw, 500px\" \/><\/a><\/p>\n<p style=\"text-align: center;\"><em>\u00cen aceast\u0103 poz\u0103 de pe 29 noiembrie 2016, pre\u015fedintele Park Geun Hye se \u00eenchin\u0103 \u00een fa\u0163a piblicului cu privire la scandalul de corup\u0163ie care o implic\u0103 pe ea \u015fi pe prietena ei, Choi Soon Sil.<\/em><\/p>\n<p style=\"text-align: left;\"><span id=\"result_box\" class=\"\" lang=\"ro\"><strong>Avoca\u021bii lui Park cer ignorarea rezultatele probelor de punere sub acuzare, aflate in curs de revizuire<\/strong> <\/span><\/p>\n<p style=\"text-align: justify;\">La o zi distan\u0163\u0103 de la prezentarea concluziei anchetei dosarului de corup\u021bie \u00een care este implicat pre\u0219edintele Park Geun-hye, avoca\u0163ii s\u0103i au cerut Cur\u021bii Constitu\u021bionale s\u0103 ignore rezultatele anchetei, spun\u00e2nd c\u0103 nu ar trebui s\u0103 afecteze revizuirea punerii ei sub acuzare.<\/p>\n<p style=\"text-align: justify;\">Potrivit unei declara\u0163ii date prin e-mail, avoca\u0163ii sus\u0163in c\u0103, de fapt, cele mai multe dintre rela\u021biile dezv\u0103luite \u00een urma investiga\u021biei, nu au fost dezv\u0103luite \u00een timpul procesului Cur\u021bii Constitu\u021bionale. &#8220;Pentru c\u0103 (acuza\u021biile -n.r.) nu au fost verificate cu probe, nu pot fi folosite ca materiale pentru a confirma fapte sau impresii \u00een timpul procesului de punere sub acuzare&#8221;, se arata in declaratia transmisa instantei de avocatii apararii.<\/p>\n<p style=\"text-align: justify;\">Pe lang\u0103 complicitatea la activit\u0103\u0163ile ilegale ale lui Choi, Park Young-soo a dovedit \u015fi existen\u0163a unor conexiuni \u00eentre pre\u015fedint\u0103 \u015fi \u201clista neagr\u0103\u201d, ce con\u0163ine numele unor personalit\u0103\u021bi culturale care au f\u0103cut comentarii critice cu privire la administra\u0163ia sa.<\/p>\n<p style=\"text-align: justify;\">Pe 9 decembrie 2016, Parlamentul a adoptat o mo\u0163iune \u00een urma c\u0103reia pre\u015fedintele Park Geun Hye a fost suspendat\u0103 din functie pentru presupusa complicitate cu vechea ei prieten\u0103, Choi Soon-sil, \u00een ceea ce prive\u015fte stoarcerea de bani de la conglomeratele locale, dar \u015fi pentru ca i-a permis acesteia s\u0103 se amestece \u00een afacerile de stat.<\/p>\n<p style=\"text-align: justify;\">\u00centre timp, Choi a depus o cerere la un tribunal din Seul, cer\u00e2nd o revizuire a neconstitu\u021bionalit\u0103\u021bii anchetei avocatului independent. Avocatul lui Choi, Lee Kyung-jae, sus\u0163ine neconstitu\u0163ionalitatea anchetei avocatului independent. &#8220;Legea cu privire la sfatul independent a fost propus\u0103 exclusiv de Partidul Democrat \u0219i Partidul Popular, oferind favoruri speciale anumitor grupuri,&#8221; a spus avocatul. <span id=\"result_box\" class=\"\" lang=\"ro\">&#8220;<span class=\"\">Neconstitu\u021bionalitatea<\/span> este <span class=\"\">foarte<\/span> <span class=\"\">grav\u0103 \u0219i<\/span> <span class=\"\">clar\u0103<\/span><span class=\"\">&#8220;, a adaugat acesta. <\/span><\/span><\/p>\n<p style=\"text-align: justify;\">Curtea Constitu\u021bional\u0103 a Controlului legalit\u0103\u021bii revizuie\u015fte punerea sub acuzare \u0219i este de a\u0219teptat s\u0103 furnizeze hot\u0103r\u00e2rea p\u00e2n\u0103 luni. \u00cen cazul \u00een care instan\u021ba confirm\u0103 punerea sub acuzare, Park va fi destituita definitiv din func\u021bie \u0219i Coreea de Sud va fi obligat\u0103 s\u0103 organizeze alegeri preziden\u021biale \u00een termen de 60 de zile. <strong><em>(Daniela Iscu \u015fi Corina Stan)<\/em><\/strong><\/p>\n","protected":false},"excerpt":{"rendered":"<p>Echipa special\u0103 de procurori a confirmat din nou, pe 6 martie, suspiciunile legate de pre\u015fedintele Park Geun Hye,\u00a0 \u015fi anume..<\/p>\n","protected":false},"author":2,"featured_media":4896,"comment_status":"open","ping_status":"open","sticky":false,"template":"","format":"standard","meta":[],"categories":[251],"tags":[514,769,576],"_links":{"self":[{"href":"https:\/\/www.saranghanguk.ro\/index.php\/wp-json\/wp\/v2\/posts\/4895"}],"collection":[{"href":"https:\/\/www.saranghanguk.ro\/index.php\/wp-json\/wp\/v2\/posts"}],"about":[{"href":"https:\/\/www.saranghanguk.ro\/index.php\/wp-json\/wp\/v2\/types\/post"}],"author":[{"embeddable":true,"href":"https:\/\/www.saranghanguk.ro\/index.php\/wp-json\/wp\/v2\/users\/2"}],"replies":[{"embeddable":true,"href":"https:\/\/www.saranghanguk.ro\/index.php\/wp-json\/wp\/v2\/comments?post=4895"}],"version-history":[{"count":3,"href":"https:\/\/www.saranghanguk.ro\/index.php\/wp-json\/wp\/v2\/posts\/4895\/revisions"}],"predecessor-version":[{"id":5515,"href":"https:\/\/www.saranghanguk.ro\/index.php\/wp-json\/wp\/v2\/posts\/4895\/revisions\/5515"}],"wp:featuredmedia":[{"embeddable":true,"href":"https:\/\/www.saranghanguk.ro\/index.php\/wp-json\/wp\/v2\/media\/4896"}],"wp:attachment":[{"href":"https:\/\/www.saranghanguk.ro\/index.php\/wp-json\/wp\/v2\/media?parent=4895"}],"wp:term":[{"taxonomy":"category","embeddable":true,"href":"https:\/\/www.saranghanguk.ro\/index.php\/wp-json\/wp\/v2\/categories?post=4895"},{"taxonomy":"post_tag","embeddable":true,"href":"https:\/\/www.saranghanguk.ro\/index.php\/wp-json\/wp\/v2\/tags?post=4895"}],"curies":[{"name":"wp","href":"https:\/\/api.w.org\/{rel}","templated":true}]}}