{"id":4900,"date":"2017-03-10T23:29:58","date_gmt":"2017-03-10T20:29:58","guid":{"rendered":"http:\/\/www.saranghanguk.ro\/?p=4900"},"modified":"2017-05-22T16:56:14","modified_gmt":"2017-05-22T13:56:14","slug":"presedintele-park-geun-hye-destituit-din-functie-de-curtea-constitutionala","status":"publish","type":"post","link":"https:\/\/www.saranghanguk.ro\/index.php\/2017\/03\/10\/presedintele-park-geun-hye-destituit-din-functie-de-curtea-constitutionala\/","title":{"rendered":"Pre\u0219edintele Park Geun-Hye, destituit din functie de Curtea Constitu\u021bional\u0103"},"content":{"rendered":"<p style=\"text-align: justify;\">Curtea Constitutionala a aprobat, pe 10 martie, destituirea pre\u0219edinteii Park Geun-Hye, la finalul unei anchete care a durat mai bine de patru luni.Potrivit pre\u015fedintelui Cur\u0163ii Costitu\u0163ionale din Coreea de Sud, Lee Jung-Mi, ac\u0163iunile lui Park &#8220;au adus o atingere grav\u0103 spiritului (&#8230;) democra\u0163iei \u015fi statului de drept&#8221;. Park Geun-Hye devine astfel primul \u015fef de stat sud-coreean destituit \u00een acest fel, care \u00ee\u015fi pierde imunitatea preziden\u0163ial\u0103, fiind expus\u0103 la evenuale urm\u0103riri \u00een justi\u0163ie, informeaza Mediafax. \u00cen urma hot\u0103r\u00e2rii Curtii, fostul sef de stat va trebui s\u0103 plece de la Casa Albastr\u0103, actuala re\u0219edin\u021b\u0103 preziden\u021bial\u0103, iar \u00een termen de 60 de zile vor fi organizate alegeri anticipate pentru ocuparea celei mai importante functii in stat. \u00cen acest timp, \u0163ara va fi condus\u0103 de prim-ministrul \u015fi de pre\u015fedintele \u00een func\u0163iune Hwang Kyo-ahn.<\/p>\n<p style=\"text-align: justify;\"><a href=\"http:\/\/www.saranghanguk.ro\/wp-content\/uploads\/2017\/03\/AEN20170312003454315_03_i.jpg\"><img loading=\"lazy\" class=\"aligncenter wp-image-4902 size-full\" src=\"http:\/\/www.saranghanguk.ro\/wp-content\/uploads\/2017\/03\/AEN20170312003454315_03_i.jpg\" alt=\"\" width=\"500\" height=\"326\" srcset=\"https:\/\/www.saranghanguk.ro\/wp-content\/uploads\/2017\/03\/AEN20170312003454315_03_i.jpg 500w, https:\/\/www.saranghanguk.ro\/wp-content\/uploads\/2017\/03\/AEN20170312003454315_03_i-300x196.jpg 300w\" sizes=\"(max-width: 500px) 100vw, 500px\" \/><\/a><\/p>\n<p style=\"text-align: justify;\">In v\u00e2rst\u0103 de 65 de ani, Park Geun Hye este fiica fostului pre\u015fedinte \u015fi general al armatei, Park Chung-Hee. In 2012, ea a devenit prima femeie aleasa sa conduca statul sud-coreean.<\/p>\n<p style=\"text-align: justify;\">Scandalul izbucnit la finalul anului trecut in Coreea s-a concentrat asupra vechii sale prietene \u0219i confidente, Choi Soon-Sil, acuzata c\u0103 a cerut milioane de dolari marilor grupuri industriale. Choi a fost arestat\u0103 pe data de 3 noiembrie, fiind pus\u0103 sub acuzare pentru fraud\u0103 \u015fi abuz de putere. Curtea Constitu\u021bional\u0103 este de p\u0103rere c\u0103 Park a \u00eenc\u0103lcat legea deoarece i-a permis prietenei sale s\u0103 intervin\u0103 \u00een treburile statului. &#8220;Pre\u0219edintele trebuie s\u0103 uzeze de puterea sa \u00een conformitate cu Constitu\u021bia \u0219i legile, iar detaliile activit\u0103\u021bii sale trebuie s\u0103 fie transparente, pentru ca poporul s\u0103 \u00eei poat\u0103 evalua activitatea&#8221;, se arata in decizia instan\u021bei, citata de Agerpres. &#8220;Dar Park Geun-Hye a ascuns complet interven\u021biile lui Choi Soon-Sil \u00een treburile statului, le-a dezmin\u021bit c\u00e2nd au ap\u0103rut b\u0103nuieli \u0219i chiar i-a criticat pe cei care au emis aceste b\u0103nuieli&#8221;, se mai arata in documentul citat. &#8220;\u00cenc\u0103lc\u0103rile Constitu\u0163iei de c\u0103tre doamna Park au tr\u0103dat \u00eencrederea poporului&#8221;, a afirmat Lee Jung-Mi. Ea a comis &#8220;\u00eenc\u0103lc\u0103ri grave \u015fi inacceptabile&#8221;, a mai spus pre\u015fedintele Cur\u0163ii Constitu\u0163ionale.<\/p>\n<p style=\"text-align: justify;\"><strong>Park neaga in continuare acuzatiile care-i sunt aduse<br \/>\n<\/strong><\/p>\n<p style=\"text-align: justify;\">In ciuda deciziei Curtii, Park Geun-hye nu a p\u0103r\u0103sit vineri (10 martie \u2013 n.r.) re\u0219edin\u021ba preziden\u021bial\u0103 \u0219i nici nu a facut o declara\u021bie cu privire la destituirea sa. &#8220;Nu s-au f\u0103cut \u00eenc\u0103 planuri pentru plecarea ei. Din motive de securitate, nu se poate \u00eentoarce la domiciliul ei&#8221;, a afirmat Kim Dong Jo, purt\u0103torul de cuv\u00e2nt al administra\u021biei preziden\u021biale, potrivit Reuters.<\/p>\n<p style=\"text-align: justify;\"><a href=\"http:\/\/www.saranghanguk.ro\/wp-content\/uploads\/2017\/03\/AEN20170312003454315_01_i.jpg\"><img loading=\"lazy\" class=\"aligncenter wp-image-4901 size-full\" src=\"http:\/\/www.saranghanguk.ro\/wp-content\/uploads\/2017\/03\/AEN20170312003454315_01_i.jpg\" alt=\"\" width=\"500\" height=\"282\" srcset=\"https:\/\/www.saranghanguk.ro\/wp-content\/uploads\/2017\/03\/AEN20170312003454315_01_i.jpg 500w, https:\/\/www.saranghanguk.ro\/wp-content\/uploads\/2017\/03\/AEN20170312003454315_01_i-300x169.jpg 300w\" sizes=\"(max-width: 500px) 100vw, 500px\" \/><\/a><\/p>\n<p style=\"text-align: justify;\"><span id=\"result_box\" class=\"\" lang=\"ro\">Park Geun-hye a ajuns la casa ei din sudul Seul abia duminic\u0103, la dou\u0103 zile dup\u0103 ce Curtea Constitu\u021bional\u0103 a decis s\u0103 o demit\u0103. La sosire, liderul demis a cerut scuze sus\u021bin\u0103torilor ei pentru e\u0219ecul de a nu-si fi finalizat mandatul de cinci ani. &#8220;Desi <span class=\"\">va lua ceva timp<\/span>, eu cred c\u0103 adev\u0103rul va\u00a0 fi cu siguran\u021b\u0103 scos la iveal\u0103&#8221;, a ad\u0103ugat\u00a0 fostul sef de stat, citat de agentia Yonhap, <span class=\"\">mentionand<\/span> c\u0103 \u00eenc\u0103 nu recunoa\u0219te acuza\u021biile ce-i sunt aduse, si care variaza de la luare de mit\u0103 la <span class=\"\">abuz \u00een serviciu.<\/span><\/span><\/p>\n<p style=\"text-align: justify;\"><strong>Trei morti \u00een protestele ce au urmat destituirii lui Park <\/strong><\/p>\n<p style=\"text-align: justify;\">Demiterea lui Park Geun Hye de catre Curtea Constitutionala, cea mai \u00eenalt\u0103 instan\u021b\u0103 judiciar\u0103 din Coreea de Sud, a dus la proteste si ciocniri de strada. In doar doua zile (vineri si sambata\u00a0 &#8211; n.r.), trei persoane si-au pierdut viata. Este vorba despre trei barbati cu varste cuprinse intre 60 si 74 de ani. Acestia au murit din cauza r\u0103nilor suferite \u00een timp ce participau la protestele din Seul fa\u021b\u0103 de destituirea pre\u0219edintelui \u021b\u0103rii. Potrivit agentiei Yonhap, poli\u021bia investigheaz\u0103 aceste incidente. <em><strong>(\ud55c\uc0ac\ub791)<\/strong><\/em><\/p>\n","protected":false},"excerpt":{"rendered":"<p>Curtea Constitutionala a aprobat, pe 10 martie, destituirea pre\u0219edinteii Park Geun-Hye, la finalul unei anchete care a durat mai bine..<\/p>\n","protected":false},"author":2,"featured_media":4901,"comment_status":"open","ping_status":"open","sticky":false,"template":"","format":"standard","meta":[],"categories":[17],"tags":[770,593,514,576],"_links":{"self":[{"href":"https:\/\/www.saranghanguk.ro\/index.php\/wp-json\/wp\/v2\/posts\/4900"}],"collection":[{"href":"https:\/\/www.saranghanguk.ro\/index.php\/wp-json\/wp\/v2\/posts"}],"about":[{"href":"https:\/\/www.saranghanguk.ro\/index.php\/wp-json\/wp\/v2\/types\/post"}],"author":[{"embeddable":true,"href":"https:\/\/www.saranghanguk.ro\/index.php\/wp-json\/wp\/v2\/users\/2"}],"replies":[{"embeddable":true,"href":"https:\/\/www.saranghanguk.ro\/index.php\/wp-json\/wp\/v2\/comments?post=4900"}],"version-history":[{"count":1,"href":"https:\/\/www.saranghanguk.ro\/index.php\/wp-json\/wp\/v2\/posts\/4900\/revisions"}],"predecessor-version":[{"id":4903,"href":"https:\/\/www.saranghanguk.ro\/index.php\/wp-json\/wp\/v2\/posts\/4900\/revisions\/4903"}],"wp:featuredmedia":[{"embeddable":true,"href":"https:\/\/www.saranghanguk.ro\/index.php\/wp-json\/wp\/v2\/media\/4901"}],"wp:attachment":[{"href":"https:\/\/www.saranghanguk.ro\/index.php\/wp-json\/wp\/v2\/media?parent=4900"}],"wp:term":[{"taxonomy":"category","embeddable":true,"href":"https:\/\/www.saranghanguk.ro\/index.php\/wp-json\/wp\/v2\/categories?post=4900"},{"taxonomy":"post_tag","embeddable":true,"href":"https:\/\/www.saranghanguk.ro\/index.php\/wp-json\/wp\/v2\/tags?post=4900"}],"curies":[{"name":"wp","href":"https:\/\/api.w.org\/{rel}","templated":true}]}}