{"id":5402,"date":"2017-05-15T13:43:58","date_gmt":"2017-05-15T10:43:58","guid":{"rendered":"http:\/\/www.saranghanguk.ro\/?p=5402"},"modified":"2017-05-15T19:36:00","modified_gmt":"2017-05-15T16:36:00","slug":"im-siwan-din-zea-simt-ca-progresat-spre-fi-un-actor-mai-bun","status":"publish","type":"post","link":"https:\/\/www.saranghanguk.ro\/index.php\/2017\/05\/15\/im-siwan-din-zea-simt-ca-progresat-spre-fi-un-actor-mai-bun\/","title":{"rendered":"Im Siwan din ZE:A: &#8220;Simt c\u0103 am progresat spre a fi un actor mai bun&#8221;"},"content":{"rendered":"<p style=\"text-align: justify;\">Actorul \u015fi c\u00e2nt\u0103re\u021bul Im Siwan din ZE:A este un talent \u00een devenire \u00een cinematografia coreean\u0103. Im este cunoscut cel mai bine pentru rolul lui Jin Woo din filmul \u201cAvocatul\u201d (2013) \u015fi pentru rolul principal din seria TV \u201cVia\u021b\u0103 incomplet\u0103\u201d (2014), ambele avand succes at\u00e2t in box office c\u00e2t \u015fi la capitolul rating. Recent, el a fost invitat la Cannes la o categorie aflata aflata \u00een afara competi\u021biei, pentru rolul din filmul de ac\u021biune \u201cF\u0103r\u0103 mil\u0103\u201d.<\/p>\n<p style=\"text-align: justify;\">\u00cen timpul unui interviu cu presa sus\u0163inut\u00a0vineri, 12 mai, Im a spus: \u201cMi-am f\u0103cut debutul \u00een actorie cu rolul din \u201cLuna \u00eembr\u0103\u021bi\u015feaz\u0103 soarele\u201d \u015fi am sim\u021bit c\u0103 mi se potrive\u015fte. \u00cenainte de asta \u00eemi doream vag s\u0103 joc. Dup\u0103 ce am terminat de filmat serialul, m-am g\u00e2ndit c\u0103 a\u015f vrea s\u0103 repet experien\u021ba dac\u0103 mi se ofer\u0103 ocazia. Din fericire am avut multe oportunit\u0103\u021bi p\u00e2n\u0103 acum.\u201d<\/p>\n<p style=\"text-align: justify;\"><a href=\"http:\/\/www.saranghanguk.ro\/wp-content\/uploads\/2017\/05\/AEN20170513000900315_01_i.jpg\"><img loading=\"lazy\" class=\"aligncenter size-full wp-image-5403\" src=\"http:\/\/www.saranghanguk.ro\/wp-content\/uploads\/2017\/05\/AEN20170513000900315_01_i.jpg\" alt=\"\" width=\"500\" height=\"333\" srcset=\"https:\/\/www.saranghanguk.ro\/wp-content\/uploads\/2017\/05\/AEN20170513000900315_01_i.jpg 500w, https:\/\/www.saranghanguk.ro\/wp-content\/uploads\/2017\/05\/AEN20170513000900315_01_i-300x200.jpg 300w\" sizes=\"(max-width: 500px) 100vw, 500px\" \/><\/a><\/p>\n<p style=\"text-align: justify;\">Acesta a avut de asemenea norocul s\u0103 joace al\u0103turi de actori veterani, care sunt mai \u00een v\u00e2rst\u0103 dec\u00e2t el, precum Song Kang Ho \u00een \u201cAvocatul\u201d, Lee Sung Min \u00een \u201cVia\u021b\u0103 incomplet\u0103\u201d \u015fi Seol Kyung Gu \u00een \u201cF\u0103r\u0103 mil\u0103\u201d. \u201cA fost o onoare s\u0103 lucrez cu ace\u015fti mari actori. Cred c\u0103 asta m-a ajutat s\u0103 cresc enorm&#8221;, a marturisit artistul. Personajul lui din noul film coreean se nume\u015fte Hyeon Su. El este un poli\u021bist care intr\u0103 \u00een \u00eenchisoare sub acoperire pentru a investiga o re\u021bea extins\u0103 de trafic de droguri.<\/p>\n<p style=\"text-align: justify;\">Misiunea acestuia este s\u0103 se apropie de Jae Ho, un locotenent al organiza\u021biei criminaliste, jucat de Seol, care \u00ee\u015fi isp\u0103\u015fe\u015fte sentin\u021ba. Atunci c\u00e2nd ies de la \u00eenchisoare lucreaz\u0103 \u00eempreun\u0103 pentru organiza\u021bie, dar rela\u021bia lor \u00eencepe s\u0103 aib\u0103 de suferit din momentul c\u00e2nd \u00eencep s\u0103 descopere secrete unul despre cel\u0103lalt.<a href=\"http:\/\/www.saranghanguk.ro\/wp-content\/uploads\/2017\/05\/AEN20170513000900315_02_i.jpg\"><img loading=\"lazy\" class=\"aligncenter size-full wp-image-5404\" src=\"http:\/\/www.saranghanguk.ro\/wp-content\/uploads\/2017\/05\/AEN20170513000900315_02_i.jpg\" alt=\"\" width=\"499\" height=\"749\" srcset=\"https:\/\/www.saranghanguk.ro\/wp-content\/uploads\/2017\/05\/AEN20170513000900315_02_i.jpg 499w, https:\/\/www.saranghanguk.ro\/wp-content\/uploads\/2017\/05\/AEN20170513000900315_02_i-200x300.jpg 200w\" sizes=\"(max-width: 499px) 100vw, 499px\" \/><\/a><\/p>\n<p style=\"text-align: justify;\">Conform Yonhap, actorul \u00een v\u00e2rst\u0103 de 28 de ani a renun\u021bat la imaginea lui bun\u0103 pentru a-\u015fi l\u0103rgi spectrul de emo\u021bii cu un rol de tip dur. \u201cM-am sim\u021bit at\u00e2t de bine c\u0103 nu a fost nevoie s\u0103 m\u0103 prefac c\u0103 sunt bun \u00een fa\u021ba camerei. A fost ca \u015fi cum mi-am \u00eendep\u0103rtat un strat de piele\u201d, a mai spus Im Siwan.<\/p>\n<p style=\"text-align: justify;\">Dup\u0103 5 ani de carier\u0103 \u00een actorie, oamenii \u00eel recunosc mai degrab\u0103 ca actor dec\u00e2t c\u00e2nt\u0103re\u021b. Acest lucru se datoreaz\u0103 \u015fi faptului c\u0103 trupa al\u0103turi de care a debutat \u00een 2010, ZE:A, a fost inactiv\u0103 \u00een ultimii ani, cu trei membri \u00eenrola\u021bi \u00een armat\u0103 \u015fi restul activi separat. Im urmeaz\u0103 s\u0103 se \u00eenroleze \u015fi el \u00een c\u00e2teva luni. \u201cCred c\u0103 va dura c\u00e2\u021biva ani p\u00e2n\u0103 c\u00e2nd ne vom putea reuni, deoarece membrii trebuie s\u0103-\u015fi fac\u0103 stagiul militar\u201d, a declarat Im, ad\u0103ug\u00e2nd apoi c\u0103 \u00ee\u015fi dore\u015fte s\u0103-\u015fi continue cariera de c\u00e2nt\u0103re\u021b, chiar dac\u0103 are succes ca actor. \u201cMi-ar pl\u0103cea s\u0103 scot un album solo, s\u0103 c\u00e2nt coloane sonore pentru seriale \u015fi s\u0103 \u021bin un fanmeet, dac\u0103 \u00eemi permite timpul. Dar nu cred c\u0103 voi avea suficient timp pentru toate\u201d, a continuat el.<\/p>\n<p><a href=\"http:\/\/www.saranghanguk.ro\/wp-content\/uploads\/2017\/05\/AEN20170513000900315_03_i.jpg\"><img loading=\"lazy\" class=\"aligncenter size-full wp-image-5405\" src=\"http:\/\/www.saranghanguk.ro\/wp-content\/uploads\/2017\/05\/AEN20170513000900315_03_i.jpg\" alt=\"\" width=\"499\" height=\"749\" srcset=\"https:\/\/www.saranghanguk.ro\/wp-content\/uploads\/2017\/05\/AEN20170513000900315_03_i.jpg 499w, https:\/\/www.saranghanguk.ro\/wp-content\/uploads\/2017\/05\/AEN20170513000900315_03_i-200x300.jpg 200w\" sizes=\"(max-width: 499px) 100vw, 499px\" \/><\/a><\/p>\n<p style=\"text-align: justify;\">Actorul este ocupat zilele acestea cu film\u0103rile pentru serialul istoric de la MBC, \u201cRegele iube\u015fte\u201d, care va avea premiera \u00een luna iulie. Personajul s\u0103u este regele Won, care a domnit \u00een primii ani ai dinastiei Goryeo (918-1392).<\/p>\n<p style=\"text-align: justify;\">Av\u00e2nd de filmat \u00eenc\u0103 \u015fapte din cele 20 de episoade ale seriei, Im spune c\u0103 este posibil s\u0103 nu poat\u0103 p\u0103\u015fi pe covorul ro\u015fu de la Cannes pentru cea de-a 70-a edi\u021bie, \u00eens\u0103 are a\u015ftept\u0103ri foarte mari de la ecranizarea filmului \u00een cadrul festivalului. \u201cNu \u015ftiam prea multe despre Festivalul de Film de la Cannes, doar c\u0103 este unul dintre cele 3 cele mai mari festivaluri de filme din lume. Sunt curios s\u0103 v\u0103d ce impact va avea asupra vie\u021bii mele faptul c\u0103 am ap\u0103rut \u00eentr-un film prezent la Cannes.\u201d<\/p>\n<p style=\"text-align: justify;\">\u00cen regia lui Byun Sung Hyun, \u201cF\u0103r\u0103 mil\u0103\u201d va avea premiera \u00een cinematografele coreene pe 18 mai. <em><strong>(Daniela Elena Iscu)<\/strong><\/em><\/p>\n<p><em><strong>Surs\u0103:<\/strong> http:\/\/english.yonhapnews.co.kr\/<\/em><\/p>\n","protected":false},"excerpt":{"rendered":"<p>Actorul \u015fi c\u00e2nt\u0103re\u021bul Im Siwan din ZE:A este un talent \u00een devenire \u00een cinematografia coreean\u0103. Im este cunoscut cel mai..<\/p>\n","protected":false},"author":2,"featured_media":5403,"comment_status":"open","ping_status":"open","sticky":false,"template":"","format":"standard","meta":[],"categories":[17],"tags":[911,910,913,897,912,909,899,907,908],"_links":{"self":[{"href":"https:\/\/www.saranghanguk.ro\/index.php\/wp-json\/wp\/v2\/posts\/5402"}],"collection":[{"href":"https:\/\/www.saranghanguk.ro\/index.php\/wp-json\/wp\/v2\/posts"}],"about":[{"href":"https:\/\/www.saranghanguk.ro\/index.php\/wp-json\/wp\/v2\/types\/post"}],"author":[{"embeddable":true,"href":"https:\/\/www.saranghanguk.ro\/index.php\/wp-json\/wp\/v2\/users\/2"}],"replies":[{"embeddable":true,"href":"https:\/\/www.saranghanguk.ro\/index.php\/wp-json\/wp\/v2\/comments?post=5402"}],"version-history":[{"count":4,"href":"https:\/\/www.saranghanguk.ro\/index.php\/wp-json\/wp\/v2\/posts\/5402\/revisions"}],"predecessor-version":[{"id":5411,"href":"https:\/\/www.saranghanguk.ro\/index.php\/wp-json\/wp\/v2\/posts\/5402\/revisions\/5411"}],"wp:featuredmedia":[{"embeddable":true,"href":"https:\/\/www.saranghanguk.ro\/index.php\/wp-json\/wp\/v2\/media\/5403"}],"wp:attachment":[{"href":"https:\/\/www.saranghanguk.ro\/index.php\/wp-json\/wp\/v2\/media?parent=5402"}],"wp:term":[{"taxonomy":"category","embeddable":true,"href":"https:\/\/www.saranghanguk.ro\/index.php\/wp-json\/wp\/v2\/categories?post=5402"},{"taxonomy":"post_tag","embeddable":true,"href":"https:\/\/www.saranghanguk.ro\/index.php\/wp-json\/wp\/v2\/tags?post=5402"}],"curies":[{"name":"wp","href":"https:\/\/api.w.org\/{rel}","templated":true}]}}