{"id":9057,"date":"2018-07-03T14:31:52","date_gmt":"2018-07-03T11:31:52","guid":{"rendered":"http:\/\/www.saranghanguk.ro\/?p=9057"},"modified":"2018-07-03T15:58:58","modified_gmt":"2018-07-03T12:58:58","slug":"protest-impotriva-atacurilor-din-plastic","status":"publish","type":"post","link":"https:\/\/www.saranghanguk.ro\/index.php\/2018\/07\/03\/protest-impotriva-atacurilor-din-plastic\/","title":{"rendered":"Protest \u00eempotriva &#8220;atacurilor din plastic&#8221;"},"content":{"rendered":"<p style=\"text-align: justify;\">Luni, 2 iulie, activi\u0219tii de mediu au organizat un protest \u00eempotriva utiliz\u0103rii excesive a ambalajului din plastic \u00een Seul.<\/p>\n<p><a href=\"http:\/\/www.saranghanguk.ro\/wp-content\/uploads\/2018\/07\/36513683_1845716128818992_1399064796145385472_n.png\"><img loading=\"lazy\" class=\"aligncenter wp-image-9058 size-full\" src=\"http:\/\/www.saranghanguk.ro\/wp-content\/uploads\/2018\/07\/36513683_1845716128818992_1399064796145385472_n.png\" alt=\"\" width=\"983\" height=\"647\" srcset=\"https:\/\/www.saranghanguk.ro\/wp-content\/uploads\/2018\/07\/36513683_1845716128818992_1399064796145385472_n.png 983w, https:\/\/www.saranghanguk.ro\/wp-content\/uploads\/2018\/07\/36513683_1845716128818992_1399064796145385472_n-300x197.png 300w, https:\/\/www.saranghanguk.ro\/wp-content\/uploads\/2018\/07\/36513683_1845716128818992_1399064796145385472_n-768x505.png 768w\" sizes=\"(max-width: 983px) 100vw, 983px\" \/><\/a><\/p>\n<p style=\"text-align: justify;\">Cu ocazia celebr\u0103rii Zilei Interna\u021bionale a Pungilor din Plastic, membrii grup\u0103rilor de mediu \u0219i Mi\u0219carea &#8220;Coreea Zero De\u0219euri&#8221; de pe re\u021belele de socializare, au organizat un protest \u00een fa\u021ba unui supermarket din apropierea G\u0103rii Seul.<\/p>\n<p><a href=\"http:\/\/www.saranghanguk.ro\/wp-content\/uploads\/2018\/07\/36506452_1845716122152326_9118941960046903296_n.png\"><img loading=\"lazy\" class=\"aligncenter wp-image-9059 size-full\" src=\"http:\/\/www.saranghanguk.ro\/wp-content\/uploads\/2018\/07\/36506452_1845716122152326_9118941960046903296_n.png\" alt=\"\" width=\"984\" height=\"642\" srcset=\"https:\/\/www.saranghanguk.ro\/wp-content\/uploads\/2018\/07\/36506452_1845716122152326_9118941960046903296_n.png 984w, https:\/\/www.saranghanguk.ro\/wp-content\/uploads\/2018\/07\/36506452_1845716122152326_9118941960046903296_n-300x196.png 300w, https:\/\/www.saranghanguk.ro\/wp-content\/uploads\/2018\/07\/36506452_1845716122152326_9118941960046903296_n-768x501.png 768w\" sizes=\"(max-width: 984px) 100vw, 984px\" \/><\/a><\/p>\n<p style=\"text-align: justify;\">Protestele de luni au urmat celor de duminic\u0103, care au ar\u0103tat protestatarii \u00een magazin, purt\u00e2nd pungi de plastic, l\u0103s\u00e2nd privitorii uimi\u021bi de moda \u00eendr\u0103znea\u021b\u0103.<\/p>\n<p><a href=\"http:\/\/www.saranghanguk.ro\/wp-content\/uploads\/2018\/07\/36608011_1845716172152321_5740019659898355712_n.png\"><img loading=\"lazy\" class=\"alignnone size-full wp-image-9060\" src=\"http:\/\/www.saranghanguk.ro\/wp-content\/uploads\/2018\/07\/36608011_1845716172152321_5740019659898355712_n.png\" alt=\"\" width=\"976\" height=\"596\" srcset=\"https:\/\/www.saranghanguk.ro\/wp-content\/uploads\/2018\/07\/36608011_1845716172152321_5740019659898355712_n.png 976w, https:\/\/www.saranghanguk.ro\/wp-content\/uploads\/2018\/07\/36608011_1845716172152321_5740019659898355712_n-300x183.png 300w, https:\/\/www.saranghanguk.ro\/wp-content\/uploads\/2018\/07\/36608011_1845716172152321_5740019659898355712_n-768x469.png 768w\" sizes=\"(max-width: 976px) 100vw, 976px\" \/><\/a><\/p>\n<p style=\"text-align: justify;\">Protestul a avut loc \u00een cadrul programului &#8220;Plastic Attack&#8221;, o campanie global\u0103 care a \u00eenceput \u00een martie, la Tesco, \u00een Marea Britanie, \u0219i care s-a extins apoi \u00een restul Europei, inclusiv Belgia \u0219i Germania.<\/p>\n<p style=\"text-align: justify;\">Traducere: Dima M\u0103d\u0103lina<\/p>\n<p style=\"text-align: justify;\">Sursa: koreaherald.com<\/p>\n","protected":false},"excerpt":{"rendered":"<p>Luni, 2 iulie, activi\u0219tii de mediu au organizat un protest \u00eempotriva utiliz\u0103rii excesive a ambalajului din plastic \u00een Seul. Cu..<\/p>\n","protected":false},"author":2,"featured_media":9058,"comment_status":"open","ping_status":"open","sticky":false,"template":"","format":"standard","meta":[],"categories":[17],"tags":[1665,2399,2398,2397,59],"_links":{"self":[{"href":"https:\/\/www.saranghanguk.ro\/index.php\/wp-json\/wp\/v2\/posts\/9057"}],"collection":[{"href":"https:\/\/www.saranghanguk.ro\/index.php\/wp-json\/wp\/v2\/posts"}],"about":[{"href":"https:\/\/www.saranghanguk.ro\/index.php\/wp-json\/wp\/v2\/types\/post"}],"author":[{"embeddable":true,"href":"https:\/\/www.saranghanguk.ro\/index.php\/wp-json\/wp\/v2\/users\/2"}],"replies":[{"embeddable":true,"href":"https:\/\/www.saranghanguk.ro\/index.php\/wp-json\/wp\/v2\/comments?post=9057"}],"version-history":[{"count":3,"href":"https:\/\/www.saranghanguk.ro\/index.php\/wp-json\/wp\/v2\/posts\/9057\/revisions"}],"predecessor-version":[{"id":9075,"href":"https:\/\/www.saranghanguk.ro\/index.php\/wp-json\/wp\/v2\/posts\/9057\/revisions\/9075"}],"wp:featuredmedia":[{"embeddable":true,"href":"https:\/\/www.saranghanguk.ro\/index.php\/wp-json\/wp\/v2\/media\/9058"}],"wp:attachment":[{"href":"https:\/\/www.saranghanguk.ro\/index.php\/wp-json\/wp\/v2\/media?parent=9057"}],"wp:term":[{"taxonomy":"category","embeddable":true,"href":"https:\/\/www.saranghanguk.ro\/index.php\/wp-json\/wp\/v2\/categories?post=9057"},{"taxonomy":"post_tag","embeddable":true,"href":"https:\/\/www.saranghanguk.ro\/index.php\/wp-json\/wp\/v2\/tags?post=9057"}],"curies":[{"name":"wp","href":"https:\/\/api.w.org\/{rel}","templated":true}]}}