{"id":9260,"date":"2018-08-11T17:45:10","date_gmt":"2018-08-11T14:45:10","guid":{"rendered":"http:\/\/www.saranghanguk.ro\/?p=9260"},"modified":"2018-08-19T10:01:31","modified_gmt":"2018-08-19T07:01:31","slug":"seulul-perceput-ca-oras-al-tineretului-si-al-vietii-de-noapte-sondaj","status":"publish","type":"post","link":"https:\/\/www.saranghanguk.ro\/index.php\/2018\/08\/11\/seulul-perceput-ca-oras-al-tineretului-si-al-vietii-de-noapte-sondaj\/","title":{"rendered":"Seulul perceput ca ora\u0219 al tineretului \u0219i al vie\u021bii de noapte: Sondaj"},"content":{"rendered":"<p style=\"text-align: justify;\">Un sondaj a indicat miercuri, 8 august, c\u0103 Seulul este perceput de c\u0103tre str\u0103ini ca un ora\u0219 vobrant, potrivit pentru tineret \u0219i vi\u021ba de noapte.<\/p>\n<p style=\"text-align: justify;\">Organiza\u021bia de Turism din Seul a efectuat un studiu pentru luna iunie asupra impresiilor responden\u021bilor despre Seul, ating\u00e2nd un num\u0103r de peste 9000 de str\u0103ini care tr\u0103iesc \u00een \u021bar\u0103, dar \u0219i c\u0103l\u0103toresc.<\/p>\n<p style=\"text-align: justify;\">\u00cen cadrul studiului, 77% dintre responden\u021bii str\u0103ini au r\u0103spuns la \u00eentrebarea \u00een ce period\u0103 a vie\u021bii lor ar dori s\u0103 viziteze Seulul, cu &#8220;c\u00e2t \u00eenc\u0103 sunt tineri&#8221;. Cifra era de 76% pentru turi\u0219ti \u0219i 91% pentru cei care locuiesc \u00een \u021bar\u0103.<\/p>\n<p><a href=\"http:\/\/www.saranghanguk.ro\/wp-content\/uploads\/2018\/08\/Seul.jpg\"><img loading=\"lazy\" class=\"aligncenter size-full wp-image-9261\" src=\"http:\/\/www.saranghanguk.ro\/wp-content\/uploads\/2018\/08\/Seul.jpg\" alt=\"\" width=\"980\" height=\"653\" srcset=\"https:\/\/www.saranghanguk.ro\/wp-content\/uploads\/2018\/08\/Seul.jpg 980w, https:\/\/www.saranghanguk.ro\/wp-content\/uploads\/2018\/08\/Seul-300x200.jpg 300w, https:\/\/www.saranghanguk.ro\/wp-content\/uploads\/2018\/08\/Seul-768x512.jpg 768w\" sizes=\"(max-width: 980px) 100vw, 980px\" \/><\/a><\/p>\n<p style=\"text-align: justify;\">Responden\u021bii au spus, de asemenea, c\u0103 cel mai mult \u00ee\u0219i doresc s\u0103 fie \u00een Seul noaptea. R\u0103spunsul a fost coerent \u00eentre na\u021bionalit\u0103\u021bile responden\u021bilor. STO a tradus rezultatul sondajului ca reflect\u00e2nd diferitele magazine din Seul care func\u021bioneaz\u0103 p\u00e2n\u0103 la or\u0103 t\u00e2rzie.<\/p>\n<p style=\"text-align: justify;\">Turi\u0219tii str\u0103ini au declarat c\u0103 au crezut c\u0103 prim\u0103vara este cel mai bun anotimp pentru Seul, \u00een timp ce reziden\u021bii str\u0103ini au ales toamna. Cei care au r\u0103spuns la sondaj \u00een limba englez\u0103 au declarat c\u0103 au asociat cu Seulul culorile pastel, \u00een compara\u021bie cu vorbitorii japonezi \u0219i chinezi care au ales culori primare vii.<\/p>\n<div id=\"attachment_9262\" style=\"width: 1290px\" class=\"wp-caption aligncenter\"><a href=\"http:\/\/www.saranghanguk.ro\/wp-content\/uploads\/2018\/08\/Seul1.jpg\"><img aria-describedby=\"caption-attachment-9262\" loading=\"lazy\" class=\"size-full wp-image-9262\" src=\"http:\/\/www.saranghanguk.ro\/wp-content\/uploads\/2018\/08\/Seul1.jpg\" alt=\"\" width=\"1280\" height=\"852\" srcset=\"https:\/\/www.saranghanguk.ro\/wp-content\/uploads\/2018\/08\/Seul1.jpg 1280w, https:\/\/www.saranghanguk.ro\/wp-content\/uploads\/2018\/08\/Seul1-300x200.jpg 300w, https:\/\/www.saranghanguk.ro\/wp-content\/uploads\/2018\/08\/Seul1-768x511.jpg 768w, https:\/\/www.saranghanguk.ro\/wp-content\/uploads\/2018\/08\/Seul1-1024x682.jpg 1024w\" sizes=\"(max-width: 1280px) 100vw, 1280px\" \/><\/a><p id=\"caption-attachment-9262\" class=\"wp-caption-text\">(crossingtravel)<\/p><\/div>\n<p style=\"text-align: justify;\">\u00cens\u0103 orice sondaj este de prisos c\u00e2nd \u0219tim c\u00e2t de minunat este Seului at\u00e2t pe timp te zi, c\u00e2t \u0219i pe timpul nop\u021bii, fiecare anotimp l\u0103s\u00e2ndu-\u0219i amprenta \u00eentr-un mod deosebit!<\/p>\n<p style=\"text-align: justify;\">Autor: M\u0103d\u0103lina Dima<\/p>\n<p style=\"text-align: justify;\">Sursa: koreaherald.com<\/p>\n","protected":false},"excerpt":{"rendered":"<p>Un sondaj a indicat miercuri, 8 august, c\u0103 Seulul este perceput de c\u0103tre str\u0103ini ca un ora\u0219 vobrant, potrivit pentru..<\/p>\n","protected":false},"author":2,"featured_media":9261,"comment_status":"open","ping_status":"open","sticky":false,"template":"","format":"standard","meta":[],"categories":[198],"tags":[59,842],"_links":{"self":[{"href":"https:\/\/www.saranghanguk.ro\/index.php\/wp-json\/wp\/v2\/posts\/9260"}],"collection":[{"href":"https:\/\/www.saranghanguk.ro\/index.php\/wp-json\/wp\/v2\/posts"}],"about":[{"href":"https:\/\/www.saranghanguk.ro\/index.php\/wp-json\/wp\/v2\/types\/post"}],"author":[{"embeddable":true,"href":"https:\/\/www.saranghanguk.ro\/index.php\/wp-json\/wp\/v2\/users\/2"}],"replies":[{"embeddable":true,"href":"https:\/\/www.saranghanguk.ro\/index.php\/wp-json\/wp\/v2\/comments?post=9260"}],"version-history":[{"count":1,"href":"https:\/\/www.saranghanguk.ro\/index.php\/wp-json\/wp\/v2\/posts\/9260\/revisions"}],"predecessor-version":[{"id":9263,"href":"https:\/\/www.saranghanguk.ro\/index.php\/wp-json\/wp\/v2\/posts\/9260\/revisions\/9263"}],"wp:featuredmedia":[{"embeddable":true,"href":"https:\/\/www.saranghanguk.ro\/index.php\/wp-json\/wp\/v2\/media\/9261"}],"wp:attachment":[{"href":"https:\/\/www.saranghanguk.ro\/index.php\/wp-json\/wp\/v2\/media?parent=9260"}],"wp:term":[{"taxonomy":"category","embeddable":true,"href":"https:\/\/www.saranghanguk.ro\/index.php\/wp-json\/wp\/v2\/categories?post=9260"},{"taxonomy":"post_tag","embeddable":true,"href":"https:\/\/www.saranghanguk.ro\/index.php\/wp-json\/wp\/v2\/tags?post=9260"}],"curies":[{"name":"wp","href":"https:\/\/api.w.org\/{rel}","templated":true}]}}