{"id":9915,"date":"2019-02-12T15:26:10","date_gmt":"2019-02-12T12:26:10","guid":{"rendered":"http:\/\/www.saranghanguk.ro\/?p=9915"},"modified":"2019-02-12T15:26:10","modified_gmt":"2019-02-12T12:26:10","slug":"un-nou-sondaj-arata-ca-numarul-elevilor-sud-coreeni-care-vad-coreea-de-nord-drept-inamic-a-scazut","status":"publish","type":"post","link":"https:\/\/www.saranghanguk.ro\/index.php\/2019\/02\/12\/un-nou-sondaj-arata-ca-numarul-elevilor-sud-coreeni-care-vad-coreea-de-nord-drept-inamic-a-scazut\/","title":{"rendered":"Un nou sondaj arat\u0103 c\u0103 num\u0103rul elevilor sud coreeni care v\u0103d Coreea de Nord drept inamic, a sc\u0103zut"},"content":{"rendered":"<p>SEOUL, 12 februarie (Yonhap) \u2013 Comparativ cu anul trecut, mai pu\u021bini tineri elevi din Coreea de Sud percep Coreea de Nord ca un inamic, \u00een timp ce un num\u0103r mai mare dintre ei consider\u0103 nordul ca un partener de cooperare.<\/p>\n<p>\u00cen sondajul la care au participat 82 947 de elevi din ciclurile primar, gimnazial \u0219i liceal, doar 5,2% au declarat c\u0103 Coreea de Nord ar trebui s\u0103 fie considerat\u0103 inamic, marc\u00e2nd o sc\u0103dere brusc\u0103 de la 41% \u00eentr-un studiu similar efectuat \u00een 2017.<\/p>\n<p>\u00cen aceea\u0219i m\u0103sur\u0103, procentul elevilor sud-coreeni care au privit Nordul ca partener de cooperare a crescut de la 41,3% la 50,9%, \u00een timp ce 12,1% au considerat c\u0103 nord-coreenii au nevoie de ajutor din partea de Sud, comparativ cu 10,8% \u00een 2017.<\/p>\n<p>Ultimul sondaj a fost efectuat la 597 \u0219coli elementare \u0219i secundare la nivel na\u021bional, \u00een perioada 22 octombrie &#8211; 10 decembrie anul trecut. Ancheta anterioar\u0103 a analizat 91.316 de studen\u021bi la 548 de \u0219coli \u00een 2017.\u00a0Ruga\u021bi s\u0103 descrie imaginea Coreei de Nord, 26,7% dintre elevi au r\u0103spuns &#8220;dictatur\u0103&#8221; \u00een sondajul din 2018, comparativ cu 49,3% \u00een 2017.\u00a0Procentul celor care s-au referit la \u00a0&#8220;poporul coreean \u0219i unificare&#8221; a crescut de la 8,6% la 24,9%. Pentru descrierea Coreei de Nord, mai mul\u021bi elevi au ales imagini ce eviden\u021bieaz\u0103 s\u0103r\u0103cie, asisten\u021b\u0103 \u0219i cooperare, dar numai 29,7% au ales o imagine a r\u0103zboiului \u0219i a armatei.<\/p>\n<p>Ponderea elevilor care cred c\u0103 unificarea Coreei este necesar\u0103 a r\u0103mas aproape neschimbat\u0103, respectiv \u00een jurul a 60% dintre responden\u021bi, dar num\u0103rul celor care consider\u0103 c\u0103 unificarea este posibil\u0103 \u00een cur\u00e2nd, a crescut.<\/p>\n<p>Ruga\u021bi s\u0103 prezic\u0103 calendarul unific\u0103rii, 31,3% au r\u0103spuns &#8220;\u00een termen de \u0219ase p\u00e2n\u0103 la 10 ani&#8221; \u00een 2018, \u00een timp ce 31,2% au r\u0103spuns &#8220;dup\u0103 21 de ani&#8221; \u00een 2017.\u00a0Propor\u021bia elevilor care a\u0219teapt\u0103 unificarea \u00een decurs de cinci ani a crescut de la 5,1% la 16,4%.\u00a0Elevii mai \u00een v\u00e2rst\u0103 au prezentat o atitudine mai rezervat\u0103 \u0219i mai realist\u0103 fa\u021b\u0103 de unificare. 74% dintre elevii din ciclul primar au declarat c\u0103 unificarea este necesar\u0103, \u00een timp ce doar 54,6% dintre elevii de liceu au r\u0103spuns acela\u0219i lucru.<\/p>\n<p>Sursa: yna.co.kr<\/p>\n<div id=\"attachment_9918\" style=\"width: 670px\" class=\"wp-caption aligncenter\"><a href=\"http:\/\/www.saranghanguk.ro\/wp-content\/uploads\/2019\/02\/north-south-korea-reuters.jpg\"><img aria-describedby=\"caption-attachment-9918\" loading=\"lazy\" class=\"wp-image-9918 size-full\" src=\"http:\/\/www.saranghanguk.ro\/wp-content\/uploads\/2019\/02\/north-south-korea-reuters.jpg\" alt=\"\" width=\"660\" height=\"440\" srcset=\"https:\/\/www.saranghanguk.ro\/wp-content\/uploads\/2019\/02\/north-south-korea-reuters.jpg 660w, https:\/\/www.saranghanguk.ro\/wp-content\/uploads\/2019\/02\/north-south-korea-reuters-300x200.jpg 300w\" sizes=\"(max-width: 660px) 100vw, 660px\" \/><\/a><p id=\"caption-attachment-9918\" class=\"wp-caption-text\">South Korean President Moon Jae-in shakes hands with North Korean leader Kim Jong Un during their May summit at the truce village of Panmunjom, North Korea, in this handout picture provided by the Presidential Blue House. Photo by The Presidential Blue House via Reuters<\/p><\/div>\n","protected":false},"excerpt":{"rendered":"<p>SEOUL, 12 februarie (Yonhap) \u2013 Comparativ cu anul trecut, mai pu\u021bini tineri elevi din Coreea de Sud percep Coreea de..<\/p>\n","protected":false},"author":8,"featured_media":0,"comment_status":"open","ping_status":"open","sticky":false,"template":"","format":"standard","meta":[],"categories":[17],"tags":[438,842,2610],"_links":{"self":[{"href":"https:\/\/www.saranghanguk.ro\/index.php\/wp-json\/wp\/v2\/posts\/9915"}],"collection":[{"href":"https:\/\/www.saranghanguk.ro\/index.php\/wp-json\/wp\/v2\/posts"}],"about":[{"href":"https:\/\/www.saranghanguk.ro\/index.php\/wp-json\/wp\/v2\/types\/post"}],"author":[{"embeddable":true,"href":"https:\/\/www.saranghanguk.ro\/index.php\/wp-json\/wp\/v2\/users\/8"}],"replies":[{"embeddable":true,"href":"https:\/\/www.saranghanguk.ro\/index.php\/wp-json\/wp\/v2\/comments?post=9915"}],"version-history":[{"count":1,"href":"https:\/\/www.saranghanguk.ro\/index.php\/wp-json\/wp\/v2\/posts\/9915\/revisions"}],"predecessor-version":[{"id":9919,"href":"https:\/\/www.saranghanguk.ro\/index.php\/wp-json\/wp\/v2\/posts\/9915\/revisions\/9919"}],"wp:attachment":[{"href":"https:\/\/www.saranghanguk.ro\/index.php\/wp-json\/wp\/v2\/media?parent=9915"}],"wp:term":[{"taxonomy":"category","embeddable":true,"href":"https:\/\/www.saranghanguk.ro\/index.php\/wp-json\/wp\/v2\/categories?post=9915"},{"taxonomy":"post_tag","embeddable":true,"href":"https:\/\/www.saranghanguk.ro\/index.php\/wp-json\/wp\/v2\/tags?post=9915"}],"curies":[{"name":"wp","href":"https:\/\/api.w.org\/{rel}","templated":true}]}}